{"id":456,"date":"2025-06-16T20:44:02","date_gmt":"2025-06-16T20:44:02","guid":{"rendered":"https:\/\/centrostudigiorgiolapirabelmontemezzagno.it\/?post_type=blog&#038;p=456"},"modified":"2025-06-20T09:30:08","modified_gmt":"2025-06-20T09:30:08","slug":"centro-studi-giorgio-la-pira","status":"publish","type":"blog","link":"https:\/\/centrostudigiorgiolapirabelmontemezzagno.it\/index.php\/blog\/centro-studi-giorgio-la-pira\/","title":{"rendered":"CENTRO STUDI GIORGIO LA PIRA"},"content":{"rendered":"\n<p><strong>Associazione di promozione sociale &#8211; Ente del terzo settore.<\/strong><\/p>\n\n\n\n<p><strong>Via Falcone e Borsellino n. 56, 90031 Belmonte Mezzagno (Pa)<\/strong><\/p>\n\n\n\n<p><em>Cara\/o Concittadina\/o<strong>,<\/strong><\/em><\/p>\n\n\n\n<p><em>abbiamo il piacere di comunicarvi che nel tessuto sociale e politico del nostro Comune ha ricominciato ad operare l\u2019associazione culturale denominata \u201cCentro Studi G. La Pira\u201d, con sede in via Giovanni Falcone n. 56. <\/em>&nbsp;In data 23 aprile 2025, questa associazione \u00e8 stata ricostituita secondo le nuove disposizioni legislative che interessano il Terzo Settore<em>.<\/em><\/p>\n\n\n\n<p><em>La suddetta Associazione, intitolata al fervente cattolico Giorgio La Pira, gi\u00e0 Sindaco di Firenze negli anni &#8217;50 e 60, nasce a Belmonte agli inizi degli anni &#8217;80. Ha esercitato nel territorio locale fino alla seconda met\u00e0 degli anni &#8217;90 una costante presenza nel campo delle attivit\u00e0 culturali, sociali e politiche, contribuendo in modo significativo ad elevare il dibattito socio-culturale della nostra cittadina.<\/em><\/p>\n\n\n\n<p><em>Il centro Studi \u201cGiorgio La Pira\u201d \u00e8 <strong>una associazione senza scopo di lucro<\/strong> e si propone tra le altre cose di :<\/em><\/p>\n\n\n\n<ol style=\"list-style-type:lower-alpha\" class=\"wp-block-list\">\n<li><em>sviluppare l\u2019associazionismo culturale, ricreativo dei giovani, dei ragazzi, degli anziani e di tutti i cittadini;<\/em><\/li>\n\n\n\n<li><em>effettuare ricerche e studi in materie umanistiche, giuridiche, economiche, sociali, tecniche, politiche e sanitarie che presentano un rilevante interesse generale, sia locale, che nazionale, che internazionale;<\/em><\/li>\n\n\n\n<li><em>organizzare il tempo libero attraverso la individuazione di spazi da rendere fruibili per favorire una politica di aggregazione partecipativa dei giovani indirizzatori di conferenze, dibattiti, di spettacoli cinematografici, musicali e teatrali;<\/em><\/li>\n\n\n\n<li><em>promuovere un ufficio integrato di pubbliche relazioni;<\/em><\/li>\n\n\n\n<li><em>curare la pubblicazione di una agenzia di notizie e informazioni periodiche, nonch\u00e9 libri, giornali, quaderni e monografie varie.<\/em><\/li>\n\n\n\n<li><em>Per <strong>l\u2019Anno 2025<\/strong>,&nbsp; ci concentreremo su temi di grande rilevanza per il nostro territorio e la nostra comunit\u00e0, affrontando questioni cruciali come la <strong>viabilit\u00e0 provinciale<\/strong> <strong>di collegamento con Palermo, il Piano Urbanistico Generale, il Progetto di Forestazione di Monte Bosco, La valorizzazione delle grotte aventi un notevole interesse scientifico e speleologico e &nbsp;l\u2019Enciclica Papale di Leone XIII,&nbsp; \u201c La Rerum Novarum<\/strong><\/em><\/li>\n<\/ol>\n\n\n\n<p><em>Per <strong>l\u2019Anno 2025<\/strong>, siamo entusiasti di presentarvi il nostro calendario di manifestazioni.<\/em><\/p>\n\n\n\n<p><em>Quest\u2019anno, ci concentreremo su temi di grande rilevanza per il nostro territorio e la nostra comunit\u00e0, affrontando questioni cruciali come la <strong>viabilit\u00e0 provinciale<\/strong> <strong>di collegamento con Palermo, il Piano Urbanistico Generale, il Progetto di Forestazione di Monte Bosco, La valorizzazione delle grotte aventi un notevole interesse scientifico e speleologico e &nbsp;l\u2019Enciclica Papale di Leone XIII, &nbsp;\u201c La Rerum Novarum\u201d.<\/strong><\/em><\/p>\n\n\n\n<p><strong><em>-Viabilit\u00e0 di Collegamento con Palermo.<\/em><\/strong><em><br>La mobilit\u00e0 \u00e8 un tema fondamentale per il nostro sviluppo. Organizzeremo eventi per esplorare soluzioni innovative e sostenibili per migliorare i collegamenti con la citt\u00e0 di Palermo, facilitando l\u2019accesso e promuovendo un trasporto pi\u00f9 aderente alle necessit\u00e0 dei belmontesi;<\/em><\/p>\n\n\n\n<p><em>\u00a0&#8211;<strong>Piano Urbanistico e Sviluppo del Territorio.<\/strong><\/em><em><br>Vogliamo promuovere un dialogo aperto e costruttivo tra cittadini, amministratori e esperti del settore. Attraverso conferenze, tavole rotonde e workshop, discuteremo le sfide e le opportunit\u00e0 legate all\u2019urbanizzazione e alla pianificazione sostenibile; <\/em><\/p>\n\n\n\n<p><em>\u00a0&#8211;<strong>Progetto di Forestazione di Monte Bosco. <\/strong><\/em><em>Ci dedicheremo a questa iniziativa presentando pubblicamente il progetto con giornate di piantumazione, laboratori di educazione ambientale e conferenze con esperti in ecologia e sostenibilit\u00e0.<\/em><\/p>\n\n\n\n<p><em>L\u2019obiettivo \u00e8 promuovere biodiversit\u00e0 e benessere ambientale, coinvolgendo attivamente la comunit\u00e0 belmontese;<\/em><\/p>\n\n\n\n<p><strong><em>-Valorizzazione delle grotte aventi un notevole interesse scientifico e speleologico. <\/em><\/strong><\/p>\n\n\n\n<p><em>&nbsp;Questo risultato potrebbe essere raggiunto attraverso la creazione di una pubblicazione specifica che racchiuda le peculiarit\u00e0 del patrimonio ipogeo, e di un percorso museale interattivo, da collocare nell\u2019edificio dello \u201c Stagnone \u201d, ove, attraverso l\u2019ostensione di reperti provenienti dalle grotte, la collocazione di pannelli espositivi didattico- scientifici, eventuali modelli tridimensionali, proiezioni in continuo di foto delle grotte o percorsi virtuali, sia possibile portare alla conoscenza di un vasto pubblico l\u2019affascinante mondo sotterraneo del territorio di Belmonte.;<\/em><\/p>\n\n\n\n<p> &#8211; <strong><em>La Rerum Novarum di Papa Leone XIII.<\/em><\/strong><\/p>\n\n\n\n<p><em>La&nbsp;Rerum Novarum&nbsp;di Papa Leone XIII, pubblicata nel 1891, \u00e8 un documento fondamentale che affronta i diritti e i doveri dei lavoratori e dei datori di lavoro. Promuove il rispetto della dignit\u00e0 umana nel lavoro, sostiene il diritto dei lavoratori a condizioni eque e a una giusta retribuzione. Questo docu<\/em><em>mento&nbsp;<strong>inaugura la cosiddetta dottrina sociale della Chiesa<\/strong>, ovvero l&#8217;insieme di principi, teorie, insegnamenti e dottrine che regolano i problemi di natura sociale ed economica.<\/em><\/p>\n\n\n\n<p><em>Oggi, a distanza di 130 anni, quelle parole tornano con forza, anche per un\u2019altra ragione: sul soglio di Pietro \u00e8 salito Leone XIV, il primo a scegliere quel nome dopo 122 &nbsp;anni. <\/em><em>&nbsp;<\/em><em><br><br><\/em><em><\/em><\/p>\n\n\n\n<p><em>Siamo certi che queste iniziative offriranno spunti di riflessione e occasioni di partecipazione attiva per tutti.<\/em><\/p>\n\n\n\n<p><em>Vi invitiamo a seguirci e a partecipare numerosi, perch\u00e9 insieme possiamo fare la differenza.<\/em><\/p>\n\n\n\n<p><em>Seguiteci sul blog dell\u2019Associazione al seguente indirizzo :<\/em><\/p>\n\n\n\n<div class=\"wp-block-columns is-layout-flex wp-container-core-columns-is-layout-9d6595d7 wp-block-columns-is-layout-flex\">\n<div class=\"wp-block-column is-layout-flow wp-block-column-is-layout-flow\">\n<p class=\"sito\"><strong><em>centrostudigiorgiolapirabelmontemezzagno.it<\/em><\/strong><\/p>\n<\/div>\n<\/div>\n\n\n\n<p><em>Un caloroso saluto dal Centro Studi G. La Pira!<\/em><\/p>\n\n\n\n<p><em>Tra le manifestazioni realizzate dal Centro Studi in quel periodo, vogliamo ricordare l\u2019attivit\u00e0 convegnistica su temi di notevole importanza come: \u201cL\u2019Europa\u201d, \u201cLo Statuto Comunale\u201d, \u201cLa figura di Giogo La Pira\u201d, \u201cIl Cattolicesimo democratico\u201d, \u201c Le Encicliche papali di Papa Giovanni\u201d; le attivit\u00e0 sportive, quali tornei di calcio e tennis, i concerti di artisti locali, la prima sagra dell\u2019olio e la pubblicazione del periodico \u201cPRESENZA\u201d, che rappresentava i fatti sociali e politici del nostro Comune<\/em><\/p>\n","protected":false},"featured_media":0,"parent":0,"template":"","meta":{"_acf_changed":false},"class_list":["post-456","blog","type-blog","status-publish","hentry"],"acf":[],"yoast_head":"<!-- This site is optimized with the Yoast SEO plugin v27.4 - https:\/\/yoast.com\/product\/yoast-seo-wordpress\/ -->\n<title>CENTRO STUDI GIORGIO LA PIRA - Centro Studi Giorgio La Pira<\/title>\n<meta name=\"robots\" content=\"index, follow, max-snippet:-1, max-image-preview:large, max-video-preview:-1\" \/>\n<link rel=\"canonical\" href=\"https:\/\/centrostudigiorgiolapirabelmontemezzagno.it\/index.php\/blog\/centro-studi-giorgio-la-pira\/\" \/>\n<meta property=\"og:locale\" content=\"it_IT\" \/>\n<meta property=\"og:type\" content=\"article\" \/>\n<meta property=\"og:title\" content=\"CENTRO STUDI GIORGIO LA PIRA - Centro Studi Giorgio La Pira\" \/>\n<meta property=\"og:description\" content=\"Associazione di promozione sociale &#8211; Ente del terzo settore. Via Falcone e Borsellino n. 56, 90031 Belmonte Mezzagno (Pa) Cara\/o Concittadina\/o, abbiamo il piacere di comunicarvi che nel tessuto sociale e politico del nostro Comune ha ricominciato ad operare l\u2019associazione culturale denominata \u201cCentro Studi G. La Pira\u201d, con sede in via Giovanni Falcone n. 56. [&hellip;]\" \/>\n<meta property=\"og:url\" content=\"https:\/\/centrostudigiorgiolapirabelmontemezzagno.it\/index.php\/blog\/centro-studi-giorgio-la-pira\/\" \/>\n<meta property=\"og:site_name\" content=\"Centro Studi Giorgio La Pira\" \/>\n<meta property=\"article:modified_time\" content=\"2025-06-20T09:30:08+00:00\" \/>\n<meta name=\"twitter:card\" content=\"summary_large_image\" \/>\n<meta name=\"twitter:label1\" content=\"Tempo di lettura stimato\" \/>\n\t<meta name=\"twitter:data1\" content=\"4 minuti\" \/>\n<script type=\"application\/ld+json\" class=\"yoast-schema-graph\">{\"@context\":\"https:\\\/\\\/schema.org\",\"@graph\":[{\"@type\":\"WebPage\",\"@id\":\"https:\\\/\\\/centrostudigiorgiolapirabelmontemezzagno.it\\\/index.php\\\/blog\\\/centro-studi-giorgio-la-pira\\\/\",\"url\":\"https:\\\/\\\/centrostudigiorgiolapirabelmontemezzagno.it\\\/index.php\\\/blog\\\/centro-studi-giorgio-la-pira\\\/\",\"name\":\"CENTRO STUDI GIORGIO LA PIRA - Centro Studi Giorgio La Pira\",\"isPartOf\":{\"@id\":\"https:\\\/\\\/centrostudigiorgiolapirabelmontemezzagno.it\\\/#website\"},\"datePublished\":\"2025-06-16T20:44:02+00:00\",\"dateModified\":\"2025-06-20T09:30:08+00:00\",\"breadcrumb\":{\"@id\":\"https:\\\/\\\/centrostudigiorgiolapirabelmontemezzagno.it\\\/index.php\\\/blog\\\/centro-studi-giorgio-la-pira\\\/#breadcrumb\"},\"inLanguage\":\"it-IT\",\"potentialAction\":[{\"@type\":\"ReadAction\",\"target\":[\"https:\\\/\\\/centrostudigiorgiolapirabelmontemezzagno.it\\\/index.php\\\/blog\\\/centro-studi-giorgio-la-pira\\\/\"]}]},{\"@type\":\"BreadcrumbList\",\"@id\":\"https:\\\/\\\/centrostudigiorgiolapirabelmontemezzagno.it\\\/index.php\\\/blog\\\/centro-studi-giorgio-la-pira\\\/#breadcrumb\",\"itemListElement\":[{\"@type\":\"ListItem\",\"position\":1,\"name\":\"Home\",\"item\":\"https:\\\/\\\/centrostudigiorgiolapirabelmontemezzagno.it\\\/\"},{\"@type\":\"ListItem\",\"position\":2,\"name\":\"CENTRO STUDI GIORGIO LA PIRA\"}]},{\"@type\":\"WebSite\",\"@id\":\"https:\\\/\\\/centrostudigiorgiolapirabelmontemezzagno.it\\\/#website\",\"url\":\"https:\\\/\\\/centrostudigiorgiolapirabelmontemezzagno.it\\\/\",\"name\":\"Centro Studi Giorgio La Pira\",\"description\":\"\",\"publisher\":{\"@id\":\"https:\\\/\\\/centrostudigiorgiolapirabelmontemezzagno.it\\\/#organization\"},\"alternateName\":\"Centro Studi Belmonte Mezzagno La Pira\",\"potentialAction\":[{\"@type\":\"SearchAction\",\"target\":{\"@type\":\"EntryPoint\",\"urlTemplate\":\"https:\\\/\\\/centrostudigiorgiolapirabelmontemezzagno.it\\\/?s={search_term_string}\"},\"query-input\":{\"@type\":\"PropertyValueSpecification\",\"valueRequired\":true,\"valueName\":\"search_term_string\"}}],\"inLanguage\":\"it-IT\"},{\"@type\":\"Organization\",\"@id\":\"https:\\\/\\\/centrostudigiorgiolapirabelmontemezzagno.it\\\/#organization\",\"name\":\"Centro Studi Giorgio La Pira\",\"url\":\"https:\\\/\\\/centrostudigiorgiolapirabelmontemezzagno.it\\\/\",\"logo\":{\"@type\":\"ImageObject\",\"inLanguage\":\"it-IT\",\"@id\":\"https:\\\/\\\/centrostudigiorgiolapirabelmontemezzagno.it\\\/#\\\/schema\\\/logo\\\/image\\\/\",\"url\":\"https:\\\/\\\/centrostudigiorgiolapirabelmontemezzagno.it\\\/wp-content\\\/uploads\\\/2025\\\/06\\\/LOGO-STUDIO-FINALE.png\",\"contentUrl\":\"https:\\\/\\\/centrostudigiorgiolapirabelmontemezzagno.it\\\/wp-content\\\/uploads\\\/2025\\\/06\\\/LOGO-STUDIO-FINALE.png\",\"width\":501,\"height\":498,\"caption\":\"Centro Studi Giorgio La Pira\"},\"image\":{\"@id\":\"https:\\\/\\\/centrostudigiorgiolapirabelmontemezzagno.it\\\/#\\\/schema\\\/logo\\\/image\\\/\"}}]}<\/script>\n<!-- \/ Yoast SEO plugin. -->","yoast_head_json":{"title":"CENTRO STUDI GIORGIO LA PIRA - Centro Studi Giorgio La Pira","robots":{"index":"index","follow":"follow","max-snippet":"max-snippet:-1","max-image-preview":"max-image-preview:large","max-video-preview":"max-video-preview:-1"},"canonical":"https:\/\/centrostudigiorgiolapirabelmontemezzagno.it\/index.php\/blog\/centro-studi-giorgio-la-pira\/","og_locale":"it_IT","og_type":"article","og_title":"CENTRO STUDI GIORGIO LA PIRA - Centro Studi Giorgio La Pira","og_description":"Associazione di promozione sociale &#8211; Ente del terzo settore. Via Falcone e Borsellino n. 56, 90031 Belmonte Mezzagno (Pa) Cara\/o Concittadina\/o, abbiamo il piacere di comunicarvi che nel tessuto sociale e politico del nostro Comune ha ricominciato ad operare l\u2019associazione culturale denominata \u201cCentro Studi G. La Pira\u201d, con sede in via Giovanni Falcone n. 56. [&hellip;]","og_url":"https:\/\/centrostudigiorgiolapirabelmontemezzagno.it\/index.php\/blog\/centro-studi-giorgio-la-pira\/","og_site_name":"Centro Studi Giorgio La Pira","article_modified_time":"2025-06-20T09:30:08+00:00","twitter_card":"summary_large_image","twitter_misc":{"Tempo di lettura stimato":"4 minuti"},"schema":{"@context":"https:\/\/schema.org","@graph":[{"@type":"WebPage","@id":"https:\/\/centrostudigiorgiolapirabelmontemezzagno.it\/index.php\/blog\/centro-studi-giorgio-la-pira\/","url":"https:\/\/centrostudigiorgiolapirabelmontemezzagno.it\/index.php\/blog\/centro-studi-giorgio-la-pira\/","name":"CENTRO STUDI GIORGIO LA PIRA - Centro Studi Giorgio La Pira","isPartOf":{"@id":"https:\/\/centrostudigiorgiolapirabelmontemezzagno.it\/#website"},"datePublished":"2025-06-16T20:44:02+00:00","dateModified":"2025-06-20T09:30:08+00:00","breadcrumb":{"@id":"https:\/\/centrostudigiorgiolapirabelmontemezzagno.it\/index.php\/blog\/centro-studi-giorgio-la-pira\/#breadcrumb"},"inLanguage":"it-IT","potentialAction":[{"@type":"ReadAction","target":["https:\/\/centrostudigiorgiolapirabelmontemezzagno.it\/index.php\/blog\/centro-studi-giorgio-la-pira\/"]}]},{"@type":"BreadcrumbList","@id":"https:\/\/centrostudigiorgiolapirabelmontemezzagno.it\/index.php\/blog\/centro-studi-giorgio-la-pira\/#breadcrumb","itemListElement":[{"@type":"ListItem","position":1,"name":"Home","item":"https:\/\/centrostudigiorgiolapirabelmontemezzagno.it\/"},{"@type":"ListItem","position":2,"name":"CENTRO STUDI GIORGIO LA PIRA"}]},{"@type":"WebSite","@id":"https:\/\/centrostudigiorgiolapirabelmontemezzagno.it\/#website","url":"https:\/\/centrostudigiorgiolapirabelmontemezzagno.it\/","name":"Centro Studi Giorgio La Pira","description":"","publisher":{"@id":"https:\/\/centrostudigiorgiolapirabelmontemezzagno.it\/#organization"},"alternateName":"Centro Studi Belmonte Mezzagno La Pira","potentialAction":[{"@type":"SearchAction","target":{"@type":"EntryPoint","urlTemplate":"https:\/\/centrostudigiorgiolapirabelmontemezzagno.it\/?s={search_term_string}"},"query-input":{"@type":"PropertyValueSpecification","valueRequired":true,"valueName":"search_term_string"}}],"inLanguage":"it-IT"},{"@type":"Organization","@id":"https:\/\/centrostudigiorgiolapirabelmontemezzagno.it\/#organization","name":"Centro Studi Giorgio La Pira","url":"https:\/\/centrostudigiorgiolapirabelmontemezzagno.it\/","logo":{"@type":"ImageObject","inLanguage":"it-IT","@id":"https:\/\/centrostudigiorgiolapirabelmontemezzagno.it\/#\/schema\/logo\/image\/","url":"https:\/\/centrostudigiorgiolapirabelmontemezzagno.it\/wp-content\/uploads\/2025\/06\/LOGO-STUDIO-FINALE.png","contentUrl":"https:\/\/centrostudigiorgiolapirabelmontemezzagno.it\/wp-content\/uploads\/2025\/06\/LOGO-STUDIO-FINALE.png","width":501,"height":498,"caption":"Centro Studi Giorgio La Pira"},"image":{"@id":"https:\/\/centrostudigiorgiolapirabelmontemezzagno.it\/#\/schema\/logo\/image\/"}}]}},"_links":{"self":[{"href":"https:\/\/centrostudigiorgiolapirabelmontemezzagno.it\/index.php\/wp-json\/wp\/v2\/blog\/456","targetHints":{"allow":["GET"]}}],"collection":[{"href":"https:\/\/centrostudigiorgiolapirabelmontemezzagno.it\/index.php\/wp-json\/wp\/v2\/blog"}],"about":[{"href":"https:\/\/centrostudigiorgiolapirabelmontemezzagno.it\/index.php\/wp-json\/wp\/v2\/types\/blog"}],"wp:attachment":[{"href":"https:\/\/centrostudigiorgiolapirabelmontemezzagno.it\/index.php\/wp-json\/wp\/v2\/media?parent=456"}],"curies":[{"name":"wp","href":"https:\/\/api.w.org\/{rel}","templated":true}]}}