{"id":497,"date":"2025-06-18T19:49:49","date_gmt":"2025-06-18T19:49:49","guid":{"rendered":"https:\/\/centrostudigiorgiolapirabelmontemezzagno.it\/?post_type=blog&#038;p=497"},"modified":"2025-06-20T09:09:55","modified_gmt":"2025-06-20T09:09:55","slug":"test-pdf-per-riga","status":"publish","type":"blog","link":"https:\/\/centrostudigiorgiolapirabelmontemezzagno.it\/index.php\/blog\/test-pdf-per-riga\/","title":{"rendered":"STRADA PROVINCIALE SP 37"},"content":{"rendered":"\n<p><strong>&#8220;<\/strong><strong>Analisi e Percorso Tecnico-Amministrativo e Politico delle procedure di Intervento sulla Strada Provinciale 37 \u2013 Ciaculli Gibilrossa \u2013 Belmonte Mezzagno a seguito della frana del &nbsp;01 novembre&nbsp;&nbsp; 2021&#8243;<\/strong><\/p>\n\n\n\n<p>La mobilit\u00e0 rappresenta un elemento fondamentale per lo sviluppo delle nostre comunit\u00e0. Purtroppo, a seguito della frana che ha causato la chiusura della S.P. n. 37 nel novembre 2021, la comunit\u00e0 di Belmonte Mezzagno si trova di fatto isolata all\u2019interno del proprio perimetro urbano. Le strade di collegamento con Palermo, la S.P. 38 e la S.P. 126, sono anch\u2019esse chiuse a causa di dissesto idrogeologico. L\u2019unica via percorribile \u00e8 la strada comunale di Misilmeri, che collega la S.P. 38 alla S.P. 77, ma a causa delle sue dimensioni ridotte, grazie alle nostre reiterate richieste \u00e8 stata autorizzata dalla Protezione Civile come \u201cvia di fuga\u201d e pu\u00f2 essere transitata solo da autovetture di piccola cilindrata.<\/p>\n\n\n\n<p><strong>Fin dall\u2019inizio di questa lunga vicenda della SP37, tutti i tecnici, i politici e gli interlocutori a vario livello, hanno sottolineato quanto sia urgente e importante appaltare rapidamente i lavori, perch\u00e9 si tratta di un intervento di pubblica utilit\u00e0, urgenza e indifferibilit\u00e0<\/strong>.<\/p>\n\n\n\n<p>Tuttavia, malgrado il nostro impegno a far canalizzare con delibera della Giunta regionale n. 424 del 26 ottobre 2023 il finanziamento dei lavori per la messa in sicurezza della montagna con fondi derivante del \u201c<strong>Programma Operativo Complementare 2014\/2020- Asse 2<\/strong>\u201d dalla documentazione ufficiale del sito del Commissario di Governo per il dissesto idrogeologico, si rileva che le operazioni di gara tra novembre 2001 e giugno 2025 sono state molto lente e hanno proceduto a passo di lumaca.&nbsp;<\/p>\n\n\n\n<p><strong>La durata complessiva dei lavori, considerando entrambe le opere senza interruzioni, sar\u00e0 di 32 mesi. Nel dettaglio, ci vorranno 24 mesi per la messa in sicurezza del costone roccioso e 8 mesi per il rifacimento della galleria danneggiata, secondo i progetti esecutivi.&nbsp;<\/strong><\/p>\n\n\n\n<p>1 ) Per la messa in sicurezza del costone roccioso, alla luce della documentazione rilevata dal sito ufficiale del Commissario di Governo&nbsp; per &nbsp;il contrasto&nbsp; del dissesto idrogeologico ,&nbsp; nella relazione generale ( documento n. 8, al punto 15 ) vengono indicati in 24 mesi dall\u2019inizio&nbsp; i&nbsp; tempi previsti per la realizzazione dei lavori.<\/p>\n\n\n\n<p>2 ) Per il completamento dei lavori riguardante la messa in sicurezza della galleria danneggiata dalla caduta massi, l\u2019esecutore dovr\u00e0 ultimare tutte le opere appaltate entro il termine di giorno 240 decorrenti dalla data del verbale di consegna. ( pagina 8 , punto 3. 5 del documento n. 6. 1)<\/p>\n\n\n\n<p>Ecco la sintesi :<\/p>\n\n\n\n<p> 1) Il crollo del costone roccioso sovrastante la galleria paramassi della Strada provinciale n. 37 \u00e8 avvenuto&nbsp; giorno 01 &nbsp;del mese di <strong>novembre del &nbsp;2021<\/strong><\/p>\n\n\n\n<p>2) La relazione &nbsp;generale &nbsp;del &nbsp;Progetto&nbsp; del consolidamento del costone roccioso da parte del Tecnico incaricato&nbsp; Prof. Cafiso \u00e8 stata presentata nel mese di &nbsp;Aprile 2022;<\/p>\n\n\n\n<div style=\"height:20px\" aria-hidden=\"true\" class=\"wp-block-spacer\"><\/div>\n\n\n\n<div class=\"wp-block-columns is-layout-flex wp-container-core-columns-is-layout-9d6595d7 wp-block-columns-is-layout-flex\">\n<div class=\"wp-block-column is-layout-flow wp-block-column-is-layout-flow\" style=\"flex-basis:70%\">\n<div style=\"height:10px\" aria-hidden=\"true\" class=\"wp-block-spacer\"><\/div>\n\n\n\n<div class=\"wp-block-buttons has-custom-font-size pulsante has-small-font-size is-layout-flex wp-block-buttons-is-layout-flex\">\n<div class=\"wp-block-button has-custom-width wp-block-button__width-25\"><a class=\"wp-block-button__link wp-element-button\" href=\"https:\/\/centrostudigiorgiolapirabelmontemezzagno.it\/wp-content\/uploads\/2025\/06\/doc.-n.-2-sp-37-relazione-progetto-definitivo-consolidamento-costone-roccioso-del.pdf\" target=\"_blank\" rel=\"noreferrer noopener\">\n    Relazione Progetto\n  <\/a><\/div>\n<\/div>\n<\/div>\n<\/div>\n\n\n\n<p>3) La nomina del Responsabile Unico del progetto Ing. Tascone, tecnico della Citt\u00e0 Metropolitana di Palermo &nbsp;&nbsp;\u00e8 &nbsp;avvenuta &nbsp;da parte del Commissario di Governo per il contrasto del dissesto idrogeologico&nbsp; con decreto n. 1887 del <strong>03 novembre 2023;<\/strong><\/p>\n\n\n\n<div style=\"height:15px\" aria-hidden=\"true\" class=\"wp-block-spacer\"><\/div>\n\n\n\n<div class=\"wp-block-buttons pulsante is-layout-flex wp-block-buttons-is-layout-flex\">\n<div class=\"wp-block-button has-custom-width wp-block-button__width-25\"><a class=\"wp-block-button__link wp-element-button\" href=\"https:\/\/centrostudigiorgiolapirabelmontemezzagno.it\/wp-content\/uploads\/2025\/06\/doc.-n.-3-nomina-rup-ing.-tascone-da-parte-di-Croce-Copia.pdf\" target=\"_blank\" rel=\"noreferrer noopener\">Nomina Rup<\/a><\/div>\n<\/div>\n\n\n\n<div style=\"height:20px\" aria-hidden=\"true\" class=\"wp-block-spacer\"><\/div>\n\n\n\n<p>4) Il Decreto a contrarre, preliminare alla indizione della gara &nbsp;del Commissario di &nbsp;Governo &nbsp;per l\u2019affidamento dei servizi di ingegneria e architettura correlati all\u2019acquisizione della progettazione esecutiva e coordinamento della sicurezza in fase di progettazione &nbsp;\u00e8 &nbsp;il n. 2213 del <strong>28.12.2023;<\/strong><\/p>\n\n\n\n<div class=\"wp-block-buttons pulsante is-layout-flex wp-block-buttons-is-layout-flex\">\n<div class=\"wp-block-button has-custom-width wp-block-button__width-25\"><a class=\"wp-block-button__link wp-element-button\" href=\"https:\/\/centrostudigiorgiolapirabelmontemezzagno.it\/wp-content\/uploads\/2025\/06\/doc.-n.4-decreto-a-contrarre.pdf\" target=\"_blank\" rel=\"noreferrer noopener\">Decreto a Contrarre<\/a><\/div>\n<\/div>\n\n\n\n<p>5) Il Finanziamento del progetto dei lavori&nbsp; del &nbsp;consolidamento del costone roccioso \u00e8 avvenuto con delibera della&nbsp; Giunta regionale n . 424 del 26\/10\/2023 &nbsp;ed \u00e8 stato fatto proprio dal &nbsp;Commissario &nbsp;di Governo per il contrasto &nbsp;del Dissesto idrogeologico &nbsp;con decreto &nbsp;n. 2112 del &nbsp;mese di <strong>dicembre 2023;<\/strong><\/p>\n\n\n\n<div style=\"height:20px\" aria-hidden=\"true\" class=\"wp-block-spacer\"><\/div>\n\n\n\n<div class=\"wp-block-buttons pulsante is-layout-flex wp-block-buttons-is-layout-flex\">\n<div class=\"wp-block-button has-custom-width wp-block-button__width-25\"><a class=\"wp-block-button__link wp-element-button\" href=\"https:\/\/centrostudigiorgiolapirabelmontemezzagno.it\/wp-content\/uploads\/2025\/06\/doc.-n.5-finanziamento-progetto-esecutivo.pdf\" target=\"_blank\" rel=\"noreferrer noopener\">Finanziamento Progetto<\/a><\/div>\n<\/div>\n\n\n\n<p>6) &nbsp;La relazione geologica della galleria danneggiata \u00e8 stata redatta dall\u2019Ing. Torretta per conto della Citta Metropolitana di Palermo&nbsp; nel &nbsp;mese di maggio &nbsp;2022, mentre nel mese di marzo 2025 si \u00e8 svolta la gara per l\u2019affidamento dei lavori di ripresa e messa in sicurezza della galleria danneggiata dalla caduta massi per un importo complessivo di euro 3.593.953,00 ;<\/p>\n\n\n\n<div style=\"height:20px\" aria-hidden=\"true\" class=\"wp-block-spacer\"><\/div>\n\n\n\n<div class=\"wp-block-columns is-layout-flex wp-container-core-columns-is-layout-9d6595d7 wp-block-columns-is-layout-flex\">\n<div class=\"wp-block-column is-layout-flow wp-block-column-is-layout-flow\">\n<div class=\"wp-block-buttons pulsante is-content-justification-center is-layout-flex wp-container-core-buttons-is-layout-16018d1d wp-block-buttons-is-layout-flex\">\n<div class=\"wp-block-button\"><a class=\"wp-block-button__link wp-element-button\" href=\"https:\/\/centrostudigiorgiolapirabelmontemezzagno.it\/wp-content\/uploads\/2025\/06\/doc.-n.-6-relazione-geologica-galleria-danneggiata.pdf\">Relazione Geologica<\/a><\/div>\n<\/div>\n<\/div>\n\n\n\n<div class=\"wp-block-column is-layout-flow wp-block-column-is-layout-flow\">\n<div class=\"wp-block-buttons pulsante is-content-justification-center is-layout-flex wp-container-core-buttons-is-layout-16018d1d wp-block-buttons-is-layout-flex\">\n<div class=\"wp-block-button\"><a class=\"wp-block-button__link wp-element-button\" href=\"https:\/\/centrostudigiorgiolapirabelmontemezzagno.it\/wp-content\/uploads\/2025\/06\/doc.-n.-6-.1-2024.026.bando_.disciplinare.di_.gara_.pdf\">Bando disciplinare di gara<\/a><\/div>\n<\/div>\n<\/div>\n<\/div>\n\n\n\n<p>&nbsp;&nbsp;7) Il decreto a contrarre del Commissario di Governo &nbsp;&nbsp;per i lavori per un importo di Euro 5.809.392,71 a base di gara n. 0001201\/24 &nbsp;porta la data del &nbsp;31-07-2024 ;&nbsp; In data 2 agosto 2024 il Commissario di Governo avvisa che \u00e8 stata indetta la gara e che le scadenze delle offerte da parte delle Ditte partecipanti era stata prevista per &nbsp;il <strong>giorno 30 settembre 2024<\/strong>.;<\/p>\n\n\n\n<div class=\"wp-block-buttons pulsante is-content-justification-left is-layout-flex wp-container-core-buttons-is-layout-fdcfc74e wp-block-buttons-is-layout-flex\">\n<div class=\"wp-block-button\"><a class=\"wp-block-button__link wp-element-button\" href=\"https:\/\/centrostudigiorgiolapirabelmontemezzagno.it\/wp-content\/uploads\/2025\/06\/doc.-n.-7-approvazione-progetto-esecutivo.pdf\" target=\"_blank\" rel=\"noreferrer noopener\">Approvazione Progetto <\/a><\/div>\n<\/div>\n\n\n\n<p>8) La relazione generale del progetto esecutivo redatta dal Prof. Casiso, titolare della progettazione esecutiva &nbsp;&nbsp;porta la data&nbsp; del mese di <strong>Giugno 2024<\/strong>;<\/p>\n\n\n\n<div class=\"wp-block-buttons pulsante is-content-justification-left is-layout-flex wp-container-core-buttons-is-layout-fdcfc74e wp-block-buttons-is-layout-flex\">\n<div class=\"wp-block-button\"><a class=\"wp-block-button__link wp-element-button\" href=\"https:\/\/centrostudigiorgiolapirabelmontemezzagno.it\/wp-content\/uploads\/2025\/06\/doc.-n-.8-progetto-esecutivo-_R1-Relazione-generale.pdf\" target=\"_blank\" rel=\"noreferrer noopener\">Progetto Esecutivo<\/a><\/div>\n<\/div>\n\n\n\n<p>9) Il verbale di gara della Commissione per l\u2019aggiudicazione dei lavori per il consolidamento del costone roccioso \u00e8 del mese <strong>di Gennaio 2025<\/strong>;<\/p>\n\n\n\n<div class=\"wp-block-buttons pulsante is-content-justification-left is-layout-flex wp-container-core-buttons-is-layout-fdcfc74e wp-block-buttons-is-layout-flex\">\n<div class=\"wp-block-button\"><a class=\"wp-block-button__link wp-element-button\" href=\"https:\/\/centrostudigiorgiolapirabelmontemezzagno.it\/wp-content\/uploads\/2025\/06\/doc.-n.-9-20250128verbale-di-gara-gennaio-2025.pdf\" target=\"_blank\" rel=\"noreferrer noopener\">Verbale di Gara<\/a><\/div>\n<\/div>\n\n\n\n<p>10) Il Decreto di aggiudicazione dei lavori del consolidamento del costone roccioso porta la &nbsp;data &nbsp;&nbsp;<strong>del 11 giugno 2025.<\/strong><\/p>\n\n\n\n<div class=\"wp-block-buttons pulsante is-content-justification-left is-layout-flex wp-container-core-buttons-is-layout-fdcfc74e wp-block-buttons-is-layout-flex\">\n<div class=\"wp-block-button\"><a class=\"wp-block-button__link wp-element-button\" href=\"https:\/\/centrostudigiorgiolapirabelmontemezzagno.it\/wp-content\/uploads\/2025\/06\/doc.-n.-10-PA_33903_Belmonte-Mezzagno_Decreto_aggiudicazione_n_849_2025.pdf\" target=\"_blank\" rel=\"noreferrer noopener\">Decreto Aggiudicazione Lavori<\/a><\/div>\n<\/div>\n","protected":false},"featured_media":0,"parent":0,"template":"","meta":{"_acf_changed":false},"class_list":["post-497","blog","type-blog","status-publish","hentry"],"acf":[],"yoast_head":"<!-- This site is optimized with the Yoast SEO plugin v27.4 - https:\/\/yoast.com\/product\/yoast-seo-wordpress\/ -->\n<title>STRADA PROVINCIALE SP 37 - Centro Studi Giorgio La Pira<\/title>\n<meta name=\"robots\" content=\"index, follow, max-snippet:-1, max-image-preview:large, max-video-preview:-1\" \/>\n<link rel=\"canonical\" href=\"https:\/\/centrostudigiorgiolapirabelmontemezzagno.it\/index.php\/blog\/test-pdf-per-riga\/\" \/>\n<meta property=\"og:locale\" content=\"it_IT\" \/>\n<meta property=\"og:type\" content=\"article\" \/>\n<meta property=\"og:title\" content=\"STRADA PROVINCIALE SP 37 - Centro Studi Giorgio La Pira\" \/>\n<meta property=\"og:description\" content=\"&#8220;Analisi e Percorso Tecnico-Amministrativo e Politico delle procedure di Intervento sulla Strada Provinciale 37 \u2013 Ciaculli Gibilrossa \u2013 Belmonte Mezzagno a seguito della frana del &nbsp;01 novembre&nbsp;&nbsp; 2021&#8243; La mobilit\u00e0 rappresenta un elemento fondamentale per lo sviluppo delle nostre comunit\u00e0. Purtroppo, a seguito della frana che ha causato la chiusura della S.P. n. 37 nel [&hellip;]\" \/>\n<meta property=\"og:url\" content=\"https:\/\/centrostudigiorgiolapirabelmontemezzagno.it\/index.php\/blog\/test-pdf-per-riga\/\" \/>\n<meta property=\"og:site_name\" content=\"Centro Studi Giorgio La Pira\" \/>\n<meta property=\"article:modified_time\" content=\"2025-06-20T09:09:55+00:00\" \/>\n<meta name=\"twitter:card\" content=\"summary_large_image\" \/>\n<meta name=\"twitter:label1\" content=\"Tempo di lettura stimato\" \/>\n\t<meta name=\"twitter:data1\" content=\"4 minuti\" \/>\n<script type=\"application\/ld+json\" class=\"yoast-schema-graph\">{\"@context\":\"https:\\\/\\\/schema.org\",\"@graph\":[{\"@type\":\"WebPage\",\"@id\":\"https:\\\/\\\/centrostudigiorgiolapirabelmontemezzagno.it\\\/index.php\\\/blog\\\/test-pdf-per-riga\\\/\",\"url\":\"https:\\\/\\\/centrostudigiorgiolapirabelmontemezzagno.it\\\/index.php\\\/blog\\\/test-pdf-per-riga\\\/\",\"name\":\"STRADA PROVINCIALE SP 37 - Centro Studi Giorgio La Pira\",\"isPartOf\":{\"@id\":\"https:\\\/\\\/centrostudigiorgiolapirabelmontemezzagno.it\\\/#website\"},\"datePublished\":\"2025-06-18T19:49:49+00:00\",\"dateModified\":\"2025-06-20T09:09:55+00:00\",\"breadcrumb\":{\"@id\":\"https:\\\/\\\/centrostudigiorgiolapirabelmontemezzagno.it\\\/index.php\\\/blog\\\/test-pdf-per-riga\\\/#breadcrumb\"},\"inLanguage\":\"it-IT\",\"potentialAction\":[{\"@type\":\"ReadAction\",\"target\":[\"https:\\\/\\\/centrostudigiorgiolapirabelmontemezzagno.it\\\/index.php\\\/blog\\\/test-pdf-per-riga\\\/\"]}]},{\"@type\":\"BreadcrumbList\",\"@id\":\"https:\\\/\\\/centrostudigiorgiolapirabelmontemezzagno.it\\\/index.php\\\/blog\\\/test-pdf-per-riga\\\/#breadcrumb\",\"itemListElement\":[{\"@type\":\"ListItem\",\"position\":1,\"name\":\"Home\",\"item\":\"https:\\\/\\\/centrostudigiorgiolapirabelmontemezzagno.it\\\/\"},{\"@type\":\"ListItem\",\"position\":2,\"name\":\"STRADA PROVINCIALE SP 37\"}]},{\"@type\":\"WebSite\",\"@id\":\"https:\\\/\\\/centrostudigiorgiolapirabelmontemezzagno.it\\\/#website\",\"url\":\"https:\\\/\\\/centrostudigiorgiolapirabelmontemezzagno.it\\\/\",\"name\":\"Centro Studi Giorgio La Pira\",\"description\":\"\",\"publisher\":{\"@id\":\"https:\\\/\\\/centrostudigiorgiolapirabelmontemezzagno.it\\\/#organization\"},\"alternateName\":\"Centro Studi Belmonte Mezzagno La Pira\",\"potentialAction\":[{\"@type\":\"SearchAction\",\"target\":{\"@type\":\"EntryPoint\",\"urlTemplate\":\"https:\\\/\\\/centrostudigiorgiolapirabelmontemezzagno.it\\\/?s={search_term_string}\"},\"query-input\":{\"@type\":\"PropertyValueSpecification\",\"valueRequired\":true,\"valueName\":\"search_term_string\"}}],\"inLanguage\":\"it-IT\"},{\"@type\":\"Organization\",\"@id\":\"https:\\\/\\\/centrostudigiorgiolapirabelmontemezzagno.it\\\/#organization\",\"name\":\"Centro Studi Giorgio La Pira\",\"url\":\"https:\\\/\\\/centrostudigiorgiolapirabelmontemezzagno.it\\\/\",\"logo\":{\"@type\":\"ImageObject\",\"inLanguage\":\"it-IT\",\"@id\":\"https:\\\/\\\/centrostudigiorgiolapirabelmontemezzagno.it\\\/#\\\/schema\\\/logo\\\/image\\\/\",\"url\":\"https:\\\/\\\/centrostudigiorgiolapirabelmontemezzagno.it\\\/wp-content\\\/uploads\\\/2025\\\/06\\\/LOGO-STUDIO-FINALE.png\",\"contentUrl\":\"https:\\\/\\\/centrostudigiorgiolapirabelmontemezzagno.it\\\/wp-content\\\/uploads\\\/2025\\\/06\\\/LOGO-STUDIO-FINALE.png\",\"width\":501,\"height\":498,\"caption\":\"Centro Studi Giorgio La Pira\"},\"image\":{\"@id\":\"https:\\\/\\\/centrostudigiorgiolapirabelmontemezzagno.it\\\/#\\\/schema\\\/logo\\\/image\\\/\"}}]}<\/script>\n<!-- \/ Yoast SEO plugin. -->","yoast_head_json":{"title":"STRADA PROVINCIALE SP 37 - Centro Studi Giorgio La Pira","robots":{"index":"index","follow":"follow","max-snippet":"max-snippet:-1","max-image-preview":"max-image-preview:large","max-video-preview":"max-video-preview:-1"},"canonical":"https:\/\/centrostudigiorgiolapirabelmontemezzagno.it\/index.php\/blog\/test-pdf-per-riga\/","og_locale":"it_IT","og_type":"article","og_title":"STRADA PROVINCIALE SP 37 - Centro Studi Giorgio La Pira","og_description":"&#8220;Analisi e Percorso Tecnico-Amministrativo e Politico delle procedure di Intervento sulla Strada Provinciale 37 \u2013 Ciaculli Gibilrossa \u2013 Belmonte Mezzagno a seguito della frana del &nbsp;01 novembre&nbsp;&nbsp; 2021&#8243; La mobilit\u00e0 rappresenta un elemento fondamentale per lo sviluppo delle nostre comunit\u00e0. Purtroppo, a seguito della frana che ha causato la chiusura della S.P. n. 37 nel [&hellip;]","og_url":"https:\/\/centrostudigiorgiolapirabelmontemezzagno.it\/index.php\/blog\/test-pdf-per-riga\/","og_site_name":"Centro Studi Giorgio La Pira","article_modified_time":"2025-06-20T09:09:55+00:00","twitter_card":"summary_large_image","twitter_misc":{"Tempo di lettura stimato":"4 minuti"},"schema":{"@context":"https:\/\/schema.org","@graph":[{"@type":"WebPage","@id":"https:\/\/centrostudigiorgiolapirabelmontemezzagno.it\/index.php\/blog\/test-pdf-per-riga\/","url":"https:\/\/centrostudigiorgiolapirabelmontemezzagno.it\/index.php\/blog\/test-pdf-per-riga\/","name":"STRADA PROVINCIALE SP 37 - Centro Studi Giorgio La Pira","isPartOf":{"@id":"https:\/\/centrostudigiorgiolapirabelmontemezzagno.it\/#website"},"datePublished":"2025-06-18T19:49:49+00:00","dateModified":"2025-06-20T09:09:55+00:00","breadcrumb":{"@id":"https:\/\/centrostudigiorgiolapirabelmontemezzagno.it\/index.php\/blog\/test-pdf-per-riga\/#breadcrumb"},"inLanguage":"it-IT","potentialAction":[{"@type":"ReadAction","target":["https:\/\/centrostudigiorgiolapirabelmontemezzagno.it\/index.php\/blog\/test-pdf-per-riga\/"]}]},{"@type":"BreadcrumbList","@id":"https:\/\/centrostudigiorgiolapirabelmontemezzagno.it\/index.php\/blog\/test-pdf-per-riga\/#breadcrumb","itemListElement":[{"@type":"ListItem","position":1,"name":"Home","item":"https:\/\/centrostudigiorgiolapirabelmontemezzagno.it\/"},{"@type":"ListItem","position":2,"name":"STRADA PROVINCIALE SP 37"}]},{"@type":"WebSite","@id":"https:\/\/centrostudigiorgiolapirabelmontemezzagno.it\/#website","url":"https:\/\/centrostudigiorgiolapirabelmontemezzagno.it\/","name":"Centro Studi Giorgio La Pira","description":"","publisher":{"@id":"https:\/\/centrostudigiorgiolapirabelmontemezzagno.it\/#organization"},"alternateName":"Centro Studi Belmonte Mezzagno La Pira","potentialAction":[{"@type":"SearchAction","target":{"@type":"EntryPoint","urlTemplate":"https:\/\/centrostudigiorgiolapirabelmontemezzagno.it\/?s={search_term_string}"},"query-input":{"@type":"PropertyValueSpecification","valueRequired":true,"valueName":"search_term_string"}}],"inLanguage":"it-IT"},{"@type":"Organization","@id":"https:\/\/centrostudigiorgiolapirabelmontemezzagno.it\/#organization","name":"Centro Studi Giorgio La Pira","url":"https:\/\/centrostudigiorgiolapirabelmontemezzagno.it\/","logo":{"@type":"ImageObject","inLanguage":"it-IT","@id":"https:\/\/centrostudigiorgiolapirabelmontemezzagno.it\/#\/schema\/logo\/image\/","url":"https:\/\/centrostudigiorgiolapirabelmontemezzagno.it\/wp-content\/uploads\/2025\/06\/LOGO-STUDIO-FINALE.png","contentUrl":"https:\/\/centrostudigiorgiolapirabelmontemezzagno.it\/wp-content\/uploads\/2025\/06\/LOGO-STUDIO-FINALE.png","width":501,"height":498,"caption":"Centro Studi Giorgio La Pira"},"image":{"@id":"https:\/\/centrostudigiorgiolapirabelmontemezzagno.it\/#\/schema\/logo\/image\/"}}]}},"_links":{"self":[{"href":"https:\/\/centrostudigiorgiolapirabelmontemezzagno.it\/index.php\/wp-json\/wp\/v2\/blog\/497","targetHints":{"allow":["GET"]}}],"collection":[{"href":"https:\/\/centrostudigiorgiolapirabelmontemezzagno.it\/index.php\/wp-json\/wp\/v2\/blog"}],"about":[{"href":"https:\/\/centrostudigiorgiolapirabelmontemezzagno.it\/index.php\/wp-json\/wp\/v2\/types\/blog"}],"wp:attachment":[{"href":"https:\/\/centrostudigiorgiolapirabelmontemezzagno.it\/index.php\/wp-json\/wp\/v2\/media?parent=497"}],"curies":[{"name":"wp","href":"https:\/\/api.w.org\/{rel}","templated":true}]}}