{"id":519,"date":"2025-06-18T20:23:58","date_gmt":"2025-06-18T20:23:58","guid":{"rendered":"https:\/\/centrostudigiorgiolapirabelmontemezzagno.it\/?post_type=blog&#038;p=519"},"modified":"2025-06-21T12:14:09","modified_gmt":"2025-06-21T12:14:09","slug":"la-prima-enciclica-sociale-della-chiesa","status":"publish","type":"blog","link":"https:\/\/centrostudigiorgiolapirabelmontemezzagno.it\/index.php\/blog\/la-prima-enciclica-sociale-della-chiesa\/","title":{"rendered":"La Rerum Novarum di Leone XIII e il papato di Leone XIV"},"content":{"rendered":"\n<p>Diamo inizio, con questo articolo sulla Rerum Novarum, a una serie di pubblicazioni che vogliono essere fedeli al concetto di cultura originante questo blog, mai elitaria ma sempre al servizio della comunit\u00e0 locale e dei suoi valori fondativi.<\/p>\n\n\n\n<p>&nbsp;Uno degli effetti immediati dell&#8217;elezione al soglio pontificio di Robert&nbsp; Francis Prevost \u00e8 stato la nascita di un nuovo interesse per la figura di Leone XIII e in particolare per la sua enciclica Rerum Novarum. Promulgata il 15 maggio 1891, la Rerum Novarum \u00e8 considerata la madre di tutte le encicliche sociali. Le cose nuove su cui si concentra l&#8217;attenzione di Papa Leone XIII sono la questione sociale e operaia e le sfide che il sorgere del socialismo, del marxismo e del capitalismo pongono al pensiero cristiano. Leone XIII non si tira indietro, forte di una tradizione intellettuale e culturale che affonda le radici nella Bibbia, nei Padri della Chiesa nella Scolastica, delinea i lineamenti concettuali di una Terza Via rispetto al marxismo e al capitalismo.<\/p>\n\n\n\n<p>Contro il collettivismo marxista che sacrifica l&#8217;individuo sull&#8217;altare delle masse, l&#8217;enciclica riafferma il primato della persona e della sua dignit\u00e0; contro il capitalismo ribadisce il primato del bene comune, mai sacrificabile agli interessi della finanza e del capitale. L&#8217;enciclica ha un impatto dirompente, soprattutto sulla coscienza di tanti giovani intellettuali cattolici che desiderano impegnarsi nel sociale e nel politico. Si pongono le basi della dottrina sociale cristiana. Finalmente il pensiero cristiano esce dalle universit\u00e0 e dalle facolt\u00e0 teologiche e affronta le cose nuove del mondo operaio, di una storia che pone drammatici interrogativi alle coscienze cristiane. Sono ormai vecchie le cose nuove di cui scrive Leone XIII? Al contrario, essa \u00e8 di perenne attualit\u00e0 perch\u00e9 insegna un metodo. Di fronte alle sfide, il cristiano \u00e8 sempre attrezzato ad affrontarle se sa attingere allo straordinario tesoro della sua storia intellettuale e concettuale. <\/p>\n\n\n\n<p>Il pontificato di Leone XIV si delinea come un ministero petrino in continuit\u00e0 con tutti i grandi Papa del ventesimo secolo. Abituato a pesare ogni parola, da buon diplomatico, non lascer\u00e0 nulla all&#8217;improvvisazione, ma risponder\u00e0 alle &#8220;cose nuove&#8221; del ventesimo secolo con la pacata consapevolezza che solo Cristo sa che cosa si nasconda veramente nel cuore dell&#8217;uomo perch\u00e9 egli solo \u00e8 la Via, la Verit\u00e0 e la Vita. Le sfide della contemporaneit\u00e0 &#8211; wokismo, gender, conflitti, povert\u00e0, ambiente &#8211; richiedono risposte sicure e ponderate. In questo senso, Leone XIV sembra avere davvero la stoffa dell&#8217;antico predecessore che non si tir\u00f2 indietro dall&#8217;affrontare le grandi questioni che assillavano allora il mondo.<\/p>\n","protected":false},"featured_media":0,"parent":0,"template":"","meta":{"_acf_changed":true},"class_list":["post-519","blog","type-blog","status-publish","hentry"],"acf":[],"yoast_head":"<!-- This site is optimized with the Yoast SEO plugin v27.4 - https:\/\/yoast.com\/product\/yoast-seo-wordpress\/ -->\n<title>La Rerum Novarum di Leone XIII e il papato di Leone XIV - Centro Studi Giorgio La Pira<\/title>\n<meta name=\"robots\" content=\"index, follow, max-snippet:-1, max-image-preview:large, max-video-preview:-1\" \/>\n<link rel=\"canonical\" href=\"https:\/\/centrostudigiorgiolapirabelmontemezzagno.it\/index.php\/blog\/la-prima-enciclica-sociale-della-chiesa\/\" \/>\n<meta property=\"og:locale\" content=\"it_IT\" \/>\n<meta property=\"og:type\" content=\"article\" \/>\n<meta property=\"og:title\" content=\"La Rerum Novarum di Leone XIII e il papato di Leone XIV - Centro Studi Giorgio La Pira\" \/>\n<meta property=\"og:description\" content=\"Diamo inizio, con questo articolo sulla Rerum Novarum, a una serie di pubblicazioni che vogliono essere fedeli al concetto di cultura originante questo blog, mai elitaria ma sempre al servizio della comunit\u00e0 locale e dei suoi valori fondativi. &nbsp;Uno degli effetti immediati dell&#8217;elezione al soglio pontificio di Robert&nbsp; Francis Prevost \u00e8 stato la nascita di [&hellip;]\" \/>\n<meta property=\"og:url\" content=\"https:\/\/centrostudigiorgiolapirabelmontemezzagno.it\/index.php\/blog\/la-prima-enciclica-sociale-della-chiesa\/\" \/>\n<meta property=\"og:site_name\" content=\"Centro Studi Giorgio La Pira\" \/>\n<meta property=\"article:modified_time\" content=\"2025-06-21T12:14:09+00:00\" \/>\n<meta name=\"twitter:card\" content=\"summary_large_image\" \/>\n<meta name=\"twitter:label1\" content=\"Tempo di lettura stimato\" \/>\n\t<meta name=\"twitter:data1\" content=\"2 minuti\" \/>\n<script type=\"application\/ld+json\" class=\"yoast-schema-graph\">{\"@context\":\"https:\\\/\\\/schema.org\",\"@graph\":[{\"@type\":\"WebPage\",\"@id\":\"https:\\\/\\\/centrostudigiorgiolapirabelmontemezzagno.it\\\/index.php\\\/blog\\\/la-prima-enciclica-sociale-della-chiesa\\\/\",\"url\":\"https:\\\/\\\/centrostudigiorgiolapirabelmontemezzagno.it\\\/index.php\\\/blog\\\/la-prima-enciclica-sociale-della-chiesa\\\/\",\"name\":\"La Rerum Novarum di Leone XIII e il papato di Leone XIV - Centro Studi Giorgio La Pira\",\"isPartOf\":{\"@id\":\"https:\\\/\\\/centrostudigiorgiolapirabelmontemezzagno.it\\\/#website\"},\"datePublished\":\"2025-06-18T20:23:58+00:00\",\"dateModified\":\"2025-06-21T12:14:09+00:00\",\"breadcrumb\":{\"@id\":\"https:\\\/\\\/centrostudigiorgiolapirabelmontemezzagno.it\\\/index.php\\\/blog\\\/la-prima-enciclica-sociale-della-chiesa\\\/#breadcrumb\"},\"inLanguage\":\"it-IT\",\"potentialAction\":[{\"@type\":\"ReadAction\",\"target\":[\"https:\\\/\\\/centrostudigiorgiolapirabelmontemezzagno.it\\\/index.php\\\/blog\\\/la-prima-enciclica-sociale-della-chiesa\\\/\"]}]},{\"@type\":\"BreadcrumbList\",\"@id\":\"https:\\\/\\\/centrostudigiorgiolapirabelmontemezzagno.it\\\/index.php\\\/blog\\\/la-prima-enciclica-sociale-della-chiesa\\\/#breadcrumb\",\"itemListElement\":[{\"@type\":\"ListItem\",\"position\":1,\"name\":\"Home\",\"item\":\"https:\\\/\\\/centrostudigiorgiolapirabelmontemezzagno.it\\\/\"},{\"@type\":\"ListItem\",\"position\":2,\"name\":\"La Rerum Novarum di Leone XIII e il papato di Leone XIV\"}]},{\"@type\":\"WebSite\",\"@id\":\"https:\\\/\\\/centrostudigiorgiolapirabelmontemezzagno.it\\\/#website\",\"url\":\"https:\\\/\\\/centrostudigiorgiolapirabelmontemezzagno.it\\\/\",\"name\":\"Centro Studi Giorgio La Pira\",\"description\":\"\",\"publisher\":{\"@id\":\"https:\\\/\\\/centrostudigiorgiolapirabelmontemezzagno.it\\\/#organization\"},\"alternateName\":\"Centro Studi Belmonte Mezzagno La Pira\",\"potentialAction\":[{\"@type\":\"SearchAction\",\"target\":{\"@type\":\"EntryPoint\",\"urlTemplate\":\"https:\\\/\\\/centrostudigiorgiolapirabelmontemezzagno.it\\\/?s={search_term_string}\"},\"query-input\":{\"@type\":\"PropertyValueSpecification\",\"valueRequired\":true,\"valueName\":\"search_term_string\"}}],\"inLanguage\":\"it-IT\"},{\"@type\":\"Organization\",\"@id\":\"https:\\\/\\\/centrostudigiorgiolapirabelmontemezzagno.it\\\/#organization\",\"name\":\"Centro Studi Giorgio La Pira\",\"url\":\"https:\\\/\\\/centrostudigiorgiolapirabelmontemezzagno.it\\\/\",\"logo\":{\"@type\":\"ImageObject\",\"inLanguage\":\"it-IT\",\"@id\":\"https:\\\/\\\/centrostudigiorgiolapirabelmontemezzagno.it\\\/#\\\/schema\\\/logo\\\/image\\\/\",\"url\":\"https:\\\/\\\/centrostudigiorgiolapirabelmontemezzagno.it\\\/wp-content\\\/uploads\\\/2025\\\/06\\\/LOGO-STUDIO-FINALE.png\",\"contentUrl\":\"https:\\\/\\\/centrostudigiorgiolapirabelmontemezzagno.it\\\/wp-content\\\/uploads\\\/2025\\\/06\\\/LOGO-STUDIO-FINALE.png\",\"width\":501,\"height\":498,\"caption\":\"Centro Studi Giorgio La Pira\"},\"image\":{\"@id\":\"https:\\\/\\\/centrostudigiorgiolapirabelmontemezzagno.it\\\/#\\\/schema\\\/logo\\\/image\\\/\"}}]}<\/script>\n<!-- \/ Yoast SEO plugin. -->","yoast_head_json":{"title":"La Rerum Novarum di Leone XIII e il papato di Leone XIV - Centro Studi Giorgio La Pira","robots":{"index":"index","follow":"follow","max-snippet":"max-snippet:-1","max-image-preview":"max-image-preview:large","max-video-preview":"max-video-preview:-1"},"canonical":"https:\/\/centrostudigiorgiolapirabelmontemezzagno.it\/index.php\/blog\/la-prima-enciclica-sociale-della-chiesa\/","og_locale":"it_IT","og_type":"article","og_title":"La Rerum Novarum di Leone XIII e il papato di Leone XIV - Centro Studi Giorgio La Pira","og_description":"Diamo inizio, con questo articolo sulla Rerum Novarum, a una serie di pubblicazioni che vogliono essere fedeli al concetto di cultura originante questo blog, mai elitaria ma sempre al servizio della comunit\u00e0 locale e dei suoi valori fondativi. &nbsp;Uno degli effetti immediati dell&#8217;elezione al soglio pontificio di Robert&nbsp; Francis Prevost \u00e8 stato la nascita di [&hellip;]","og_url":"https:\/\/centrostudigiorgiolapirabelmontemezzagno.it\/index.php\/blog\/la-prima-enciclica-sociale-della-chiesa\/","og_site_name":"Centro Studi Giorgio La Pira","article_modified_time":"2025-06-21T12:14:09+00:00","twitter_card":"summary_large_image","twitter_misc":{"Tempo di lettura stimato":"2 minuti"},"schema":{"@context":"https:\/\/schema.org","@graph":[{"@type":"WebPage","@id":"https:\/\/centrostudigiorgiolapirabelmontemezzagno.it\/index.php\/blog\/la-prima-enciclica-sociale-della-chiesa\/","url":"https:\/\/centrostudigiorgiolapirabelmontemezzagno.it\/index.php\/blog\/la-prima-enciclica-sociale-della-chiesa\/","name":"La Rerum Novarum di Leone XIII e il papato di Leone XIV - Centro Studi Giorgio La Pira","isPartOf":{"@id":"https:\/\/centrostudigiorgiolapirabelmontemezzagno.it\/#website"},"datePublished":"2025-06-18T20:23:58+00:00","dateModified":"2025-06-21T12:14:09+00:00","breadcrumb":{"@id":"https:\/\/centrostudigiorgiolapirabelmontemezzagno.it\/index.php\/blog\/la-prima-enciclica-sociale-della-chiesa\/#breadcrumb"},"inLanguage":"it-IT","potentialAction":[{"@type":"ReadAction","target":["https:\/\/centrostudigiorgiolapirabelmontemezzagno.it\/index.php\/blog\/la-prima-enciclica-sociale-della-chiesa\/"]}]},{"@type":"BreadcrumbList","@id":"https:\/\/centrostudigiorgiolapirabelmontemezzagno.it\/index.php\/blog\/la-prima-enciclica-sociale-della-chiesa\/#breadcrumb","itemListElement":[{"@type":"ListItem","position":1,"name":"Home","item":"https:\/\/centrostudigiorgiolapirabelmontemezzagno.it\/"},{"@type":"ListItem","position":2,"name":"La Rerum Novarum di Leone XIII e il papato di Leone XIV"}]},{"@type":"WebSite","@id":"https:\/\/centrostudigiorgiolapirabelmontemezzagno.it\/#website","url":"https:\/\/centrostudigiorgiolapirabelmontemezzagno.it\/","name":"Centro Studi Giorgio La Pira","description":"","publisher":{"@id":"https:\/\/centrostudigiorgiolapirabelmontemezzagno.it\/#organization"},"alternateName":"Centro Studi Belmonte Mezzagno La Pira","potentialAction":[{"@type":"SearchAction","target":{"@type":"EntryPoint","urlTemplate":"https:\/\/centrostudigiorgiolapirabelmontemezzagno.it\/?s={search_term_string}"},"query-input":{"@type":"PropertyValueSpecification","valueRequired":true,"valueName":"search_term_string"}}],"inLanguage":"it-IT"},{"@type":"Organization","@id":"https:\/\/centrostudigiorgiolapirabelmontemezzagno.it\/#organization","name":"Centro Studi Giorgio La Pira","url":"https:\/\/centrostudigiorgiolapirabelmontemezzagno.it\/","logo":{"@type":"ImageObject","inLanguage":"it-IT","@id":"https:\/\/centrostudigiorgiolapirabelmontemezzagno.it\/#\/schema\/logo\/image\/","url":"https:\/\/centrostudigiorgiolapirabelmontemezzagno.it\/wp-content\/uploads\/2025\/06\/LOGO-STUDIO-FINALE.png","contentUrl":"https:\/\/centrostudigiorgiolapirabelmontemezzagno.it\/wp-content\/uploads\/2025\/06\/LOGO-STUDIO-FINALE.png","width":501,"height":498,"caption":"Centro Studi Giorgio La Pira"},"image":{"@id":"https:\/\/centrostudigiorgiolapirabelmontemezzagno.it\/#\/schema\/logo\/image\/"}}]}},"_links":{"self":[{"href":"https:\/\/centrostudigiorgiolapirabelmontemezzagno.it\/index.php\/wp-json\/wp\/v2\/blog\/519","targetHints":{"allow":["GET"]}}],"collection":[{"href":"https:\/\/centrostudigiorgiolapirabelmontemezzagno.it\/index.php\/wp-json\/wp\/v2\/blog"}],"about":[{"href":"https:\/\/centrostudigiorgiolapirabelmontemezzagno.it\/index.php\/wp-json\/wp\/v2\/types\/blog"}],"wp:attachment":[{"href":"https:\/\/centrostudigiorgiolapirabelmontemezzagno.it\/index.php\/wp-json\/wp\/v2\/media?parent=519"}],"curies":[{"name":"wp","href":"https:\/\/api.w.org\/{rel}","templated":true}]}}