{"id":571,"date":"2025-06-21T12:18:17","date_gmt":"2025-06-21T12:18:17","guid":{"rendered":"https:\/\/centrostudigiorgiolapirabelmontemezzagno.it\/?post_type=blog&#038;p=571"},"modified":"2025-06-21T12:50:20","modified_gmt":"2025-06-21T12:50:20","slug":"forestazione-contrada-bosco-belmonte-mezzagno","status":"publish","type":"blog","link":"https:\/\/centrostudigiorgiolapirabelmontemezzagno.it\/index.php\/blog\/forestazione-contrada-bosco-belmonte-mezzagno\/","title":{"rendered":"FORESTAZIONE \u00a0Contrada\u00a0 BOSCO \u2013BELMONTE MEZZAGNO"},"content":{"rendered":"\n<p>L\u2019Amministrazione Comunale di Belmonte Mezzagno sta mettendo a serio rischio il finanziamento gi\u00e0 concesso di 6.419.374,04 euro per la forestazione della montagna in Contrada Bosco, proveniente dal Ministero dell\u2019Ambiente nell\u2019ambito del Piano Nazionale di Ripresa e Resilienza (P.N.R.R.), misura 2 &#8211; componente 4 &#8211; Investimento 3.1 \u201cTutela e valorizzazione del verde urbano ed extraurbano\u201d.<\/p>\n\n\n\n<p>Ultimamente, a partire dall\u2019anno scorso e fino a pochi giorni fa, gli uffici della Citt\u00e0 Metropolitana di Palermo hanno recapitato all\u2019Amministrazione Comunale ben cinque lettere di avviso, senza ricevere alcuna risposta. In queste comunicazioni, \u00e8 stato ricordato che i termini del cronoprogramma per l\u2019inizio e il completamento dei lavori, gi\u00e0 concordato tra le parti, sono abbondantemente scaduti.<\/p>\n\n\n\n<p>Se il Comune di Belmonte Mezzagno non proceder\u00e0 ad espletare la gara di appalto entro il mese di agosto 2025, cosa alquanto difficile a causa della complessit\u00e0 della procedura, rischia di perdere non solo le somme gi\u00e0 incamerate per la realizzazione dell\u2019opera, ma anche di dover pagare le relative sanzioni imposte dall\u2019Unione Europea.<\/p>\n\n\n\n<p>Le risorse finanziarie in questione, gi\u00e0 in parte incamerate nel bilancio comunale, sono destinate alla creazione di boschi e sentieristica nel territorio del Comune di Belmonte Mezzagno. Queste risorse copriranno attivit\u00e0 di monitoraggio e manutenzione per una durata di cinque anni, oltre alla sostituzione delle fallanze e alle cure colturali necessarie per la messa a dimora di circa 1.000 piante per ettaro, di diverse tipologie. In totale, sono previste circa 138.000 piante, fornite gratuitamente dopo una valutazione botanica effettuata dal CUFAA (Carabinieri Unit\u00e0 Forestali Ambientali ed Agroalimentari).<\/p>\n\n\n\n<p>Il Comune di Belmonte Mezzagno, unico nella Provincia di Palermo a possedere una propriet\u00e0 di 126 ettari in Contrada Bosco, acquisita nel 2004 dall\u2019Amministrazione Salerno e consegnata tramite un protocollo di intesa all\u2019Azienda Foreste Demaniali della Regione Siciliana, potrebbe vedere trasformato il volto del territorio grazie a questo finanziamento. Un cambiamento che potrebbe migliorare sia l\u2019aspetto naturalistico che quello turistico della zona.<\/p>\n\n\n\n<p><strong>Questo finanziamento derivante dal PNRR, fortemente seguito nelle varie fasi propedeutiche e sostenuto dal Gruppo Consiliare di minoranza \u201c Noi per Belmonte\u201d &nbsp;attraverso interrogazioni e note varie di sollecito<\/strong> <strong>al Sindaco<\/strong>, se ben utilizzato, apporter\u00e0 al nostro territorio, assieme alle ricadute occupazionali, la valorizzazione della naturalit\u00e0 diffusa, la biodiversit\u00e0 e la mitigazione del dissesto idrogeologico. Questa opportunit\u00e0 riguarda anche la futura sentieristica finalizzata alla valorizzazione delle Grotte Carsiche, un patrimonio naturale di straordinaria bellezza, certificato dal Dipartimento di Geologia dell\u2019Universit\u00e0 di Palermo, a seguito di una convenzione stipulata tra il Comune e l\u2019Universit\u00e0 nel 2005.<\/p>\n\n\n\n<p>Certi che lo sviluppo del territorio passi attraverso fatti concreti e al fine di non vanificare questa straordinaria opportunit\u00e0 per la nostra comunit\u00e0, Il \u201c Centro Studi Giorgio La Pira\u201d che ha come finalit\u00e0 la tutela degli interessi collettivi, chiede all\u2019Amministrazione Comunale prima di procedere alla approvazione definitiva dei progetti in sede di Giunta Comunale, di convocare in tempi brevissimi, alla presenza dei tecnici incaricati, una pubblica assemblea con l\u2019obiettivo di presentare i progetti di forestazione alla cittadinanza, considerando che la fase di piantumazione delle piante, prevista originariamente per l\u2019inverno del 2024, possa essere realizzata nel 2025, con l\u2019obiettivo di concludere i lavori entro il mese di giugno 2026, data ultima stabilita per i progetti P.N.R.R.<\/p>\n\n\n\n<div style=\"height:20px\" aria-hidden=\"true\" class=\"wp-block-spacer\"><\/div>\n\n\n\n<h1 class=\"wp-block-heading has-text-align-center\">Note Forestazione:<\/h1>\n\n\n\n<div style=\"height:10px\" aria-hidden=\"true\" class=\"wp-block-spacer\"><\/div>\n\n\n\n<div class=\"wp-block-buttons pulsante is-layout-flex wp-block-buttons-is-layout-flex\">\n<div class=\"wp-block-button has-custom-width wp-block-button__width-25\"><a class=\"wp-block-button__link wp-element-button\" href=\"https:\/\/centrostudigiorgiolapirabelmontemezzagno.it\/wp-content\/uploads\/2025\/06\/accordo-finanzforestazione-convenzione-tra-citt_-metropolitana-comune-di-belmonte-bezzagno_da-firmare.doc-schema-convenzi-1.docx\" target=\"_blank\" rel=\"noreferrer noopener\">Convenzione<\/a><\/div>\n\n\n\n<div class=\"wp-block-button has-custom-width wp-block-button__width-25\"><a class=\"wp-block-button__link wp-element-button\" href=\"https:\/\/centrostudigiorgiolapirabelmontemezzagno.it\/wp-content\/uploads\/2025\/06\/Appello-al-Sindaco-noi-per-belmonte-1.pdf\" target=\"_blank\" rel=\"noreferrer noopener\">Appello al Sindaco<\/a><\/div>\n\n\n\n<div class=\"wp-block-button has-custom-width wp-block-button__width-25\"><a class=\"wp-block-button__link wp-element-button\" href=\"https:\/\/centrostudigiorgiolapirabelmontemezzagno.it\/wp-content\/uploads\/2025\/06\/Comune-di-Belmonte-Determina-a-contrarre-incarico-progettazione-_07-2024.pdf\" target=\"_blank\" rel=\"noreferrer noopener\">Incarico Tecnico<\/a><\/div>\n\n\n\n<div class=\"wp-block-button has-custom-width wp-block-button__width-25\"><a class=\"wp-block-button__link wp-element-button\" href=\"https:\/\/centrostudigiorgiolapirabelmontemezzagno.it\/wp-content\/uploads\/2025\/06\/determina-a-contrarre-sicurezza-n.-2.pdf\" target=\"_blank\" rel=\"noreferrer noopener\">Incarico Sicurezza<\/a><\/div>\n<\/div>\n\n\n\n<p><\/p>\n","protected":false},"featured_media":0,"parent":0,"template":"","meta":{"_acf_changed":true},"class_list":["post-571","blog","type-blog","status-publish","hentry"],"acf":[],"yoast_head":"<!-- This site is optimized with the Yoast SEO plugin v27.4 - https:\/\/yoast.com\/product\/yoast-seo-wordpress\/ -->\n<title>FORESTAZIONE \u00a0Contrada\u00a0 BOSCO \u2013BELMONTE MEZZAGNO - Centro Studi Giorgio La Pira<\/title>\n<meta name=\"robots\" content=\"index, follow, max-snippet:-1, max-image-preview:large, max-video-preview:-1\" \/>\n<link rel=\"canonical\" href=\"https:\/\/centrostudigiorgiolapirabelmontemezzagno.it\/index.php\/blog\/forestazione-contrada-bosco-belmonte-mezzagno\/\" \/>\n<meta property=\"og:locale\" content=\"it_IT\" \/>\n<meta property=\"og:type\" content=\"article\" \/>\n<meta property=\"og:title\" content=\"FORESTAZIONE \u00a0Contrada\u00a0 BOSCO \u2013BELMONTE MEZZAGNO - Centro Studi Giorgio La Pira\" \/>\n<meta property=\"og:description\" content=\"L\u2019Amministrazione Comunale di Belmonte Mezzagno sta mettendo a serio rischio il finanziamento gi\u00e0 concesso di 6.419.374,04 euro per la forestazione della montagna in Contrada Bosco, proveniente dal Ministero dell\u2019Ambiente nell\u2019ambito del Piano Nazionale di Ripresa e Resilienza (P.N.R.R.), misura 2 &#8211; componente 4 &#8211; Investimento 3.1 \u201cTutela e valorizzazione del verde urbano ed extraurbano\u201d. Ultimamente, [&hellip;]\" \/>\n<meta property=\"og:url\" content=\"https:\/\/centrostudigiorgiolapirabelmontemezzagno.it\/index.php\/blog\/forestazione-contrada-bosco-belmonte-mezzagno\/\" \/>\n<meta property=\"og:site_name\" content=\"Centro Studi Giorgio La Pira\" \/>\n<meta property=\"article:modified_time\" content=\"2025-06-21T12:50:20+00:00\" \/>\n<meta name=\"twitter:card\" content=\"summary_large_image\" \/>\n<meta name=\"twitter:label1\" content=\"Tempo di lettura stimato\" \/>\n\t<meta name=\"twitter:data1\" content=\"3 minuti\" \/>\n<script type=\"application\/ld+json\" class=\"yoast-schema-graph\">{\"@context\":\"https:\\\/\\\/schema.org\",\"@graph\":[{\"@type\":\"WebPage\",\"@id\":\"https:\\\/\\\/centrostudigiorgiolapirabelmontemezzagno.it\\\/index.php\\\/blog\\\/forestazione-contrada-bosco-belmonte-mezzagno\\\/\",\"url\":\"https:\\\/\\\/centrostudigiorgiolapirabelmontemezzagno.it\\\/index.php\\\/blog\\\/forestazione-contrada-bosco-belmonte-mezzagno\\\/\",\"name\":\"FORESTAZIONE \u00a0Contrada\u00a0 BOSCO \u2013BELMONTE MEZZAGNO - Centro Studi Giorgio La Pira\",\"isPartOf\":{\"@id\":\"https:\\\/\\\/centrostudigiorgiolapirabelmontemezzagno.it\\\/#website\"},\"datePublished\":\"2025-06-21T12:18:17+00:00\",\"dateModified\":\"2025-06-21T12:50:20+00:00\",\"breadcrumb\":{\"@id\":\"https:\\\/\\\/centrostudigiorgiolapirabelmontemezzagno.it\\\/index.php\\\/blog\\\/forestazione-contrada-bosco-belmonte-mezzagno\\\/#breadcrumb\"},\"inLanguage\":\"it-IT\",\"potentialAction\":[{\"@type\":\"ReadAction\",\"target\":[\"https:\\\/\\\/centrostudigiorgiolapirabelmontemezzagno.it\\\/index.php\\\/blog\\\/forestazione-contrada-bosco-belmonte-mezzagno\\\/\"]}]},{\"@type\":\"BreadcrumbList\",\"@id\":\"https:\\\/\\\/centrostudigiorgiolapirabelmontemezzagno.it\\\/index.php\\\/blog\\\/forestazione-contrada-bosco-belmonte-mezzagno\\\/#breadcrumb\",\"itemListElement\":[{\"@type\":\"ListItem\",\"position\":1,\"name\":\"Home\",\"item\":\"https:\\\/\\\/centrostudigiorgiolapirabelmontemezzagno.it\\\/\"},{\"@type\":\"ListItem\",\"position\":2,\"name\":\"FORESTAZIONE \u00a0Contrada\u00a0 BOSCO \u2013BELMONTE MEZZAGNO\"}]},{\"@type\":\"WebSite\",\"@id\":\"https:\\\/\\\/centrostudigiorgiolapirabelmontemezzagno.it\\\/#website\",\"url\":\"https:\\\/\\\/centrostudigiorgiolapirabelmontemezzagno.it\\\/\",\"name\":\"Centro Studi Giorgio La Pira\",\"description\":\"\",\"publisher\":{\"@id\":\"https:\\\/\\\/centrostudigiorgiolapirabelmontemezzagno.it\\\/#organization\"},\"alternateName\":\"Centro Studi Belmonte Mezzagno La Pira\",\"potentialAction\":[{\"@type\":\"SearchAction\",\"target\":{\"@type\":\"EntryPoint\",\"urlTemplate\":\"https:\\\/\\\/centrostudigiorgiolapirabelmontemezzagno.it\\\/?s={search_term_string}\"},\"query-input\":{\"@type\":\"PropertyValueSpecification\",\"valueRequired\":true,\"valueName\":\"search_term_string\"}}],\"inLanguage\":\"it-IT\"},{\"@type\":\"Organization\",\"@id\":\"https:\\\/\\\/centrostudigiorgiolapirabelmontemezzagno.it\\\/#organization\",\"name\":\"Centro Studi Giorgio La Pira\",\"url\":\"https:\\\/\\\/centrostudigiorgiolapirabelmontemezzagno.it\\\/\",\"logo\":{\"@type\":\"ImageObject\",\"inLanguage\":\"it-IT\",\"@id\":\"https:\\\/\\\/centrostudigiorgiolapirabelmontemezzagno.it\\\/#\\\/schema\\\/logo\\\/image\\\/\",\"url\":\"https:\\\/\\\/centrostudigiorgiolapirabelmontemezzagno.it\\\/wp-content\\\/uploads\\\/2025\\\/06\\\/LOGO-STUDIO-FINALE.png\",\"contentUrl\":\"https:\\\/\\\/centrostudigiorgiolapirabelmontemezzagno.it\\\/wp-content\\\/uploads\\\/2025\\\/06\\\/LOGO-STUDIO-FINALE.png\",\"width\":501,\"height\":498,\"caption\":\"Centro Studi Giorgio La Pira\"},\"image\":{\"@id\":\"https:\\\/\\\/centrostudigiorgiolapirabelmontemezzagno.it\\\/#\\\/schema\\\/logo\\\/image\\\/\"}}]}<\/script>\n<!-- \/ Yoast SEO plugin. -->","yoast_head_json":{"title":"FORESTAZIONE \u00a0Contrada\u00a0 BOSCO \u2013BELMONTE MEZZAGNO - Centro Studi Giorgio La Pira","robots":{"index":"index","follow":"follow","max-snippet":"max-snippet:-1","max-image-preview":"max-image-preview:large","max-video-preview":"max-video-preview:-1"},"canonical":"https:\/\/centrostudigiorgiolapirabelmontemezzagno.it\/index.php\/blog\/forestazione-contrada-bosco-belmonte-mezzagno\/","og_locale":"it_IT","og_type":"article","og_title":"FORESTAZIONE \u00a0Contrada\u00a0 BOSCO \u2013BELMONTE MEZZAGNO - Centro Studi Giorgio La Pira","og_description":"L\u2019Amministrazione Comunale di Belmonte Mezzagno sta mettendo a serio rischio il finanziamento gi\u00e0 concesso di 6.419.374,04 euro per la forestazione della montagna in Contrada Bosco, proveniente dal Ministero dell\u2019Ambiente nell\u2019ambito del Piano Nazionale di Ripresa e Resilienza (P.N.R.R.), misura 2 &#8211; componente 4 &#8211; Investimento 3.1 \u201cTutela e valorizzazione del verde urbano ed extraurbano\u201d. Ultimamente, [&hellip;]","og_url":"https:\/\/centrostudigiorgiolapirabelmontemezzagno.it\/index.php\/blog\/forestazione-contrada-bosco-belmonte-mezzagno\/","og_site_name":"Centro Studi Giorgio La Pira","article_modified_time":"2025-06-21T12:50:20+00:00","twitter_card":"summary_large_image","twitter_misc":{"Tempo di lettura stimato":"3 minuti"},"schema":{"@context":"https:\/\/schema.org","@graph":[{"@type":"WebPage","@id":"https:\/\/centrostudigiorgiolapirabelmontemezzagno.it\/index.php\/blog\/forestazione-contrada-bosco-belmonte-mezzagno\/","url":"https:\/\/centrostudigiorgiolapirabelmontemezzagno.it\/index.php\/blog\/forestazione-contrada-bosco-belmonte-mezzagno\/","name":"FORESTAZIONE \u00a0Contrada\u00a0 BOSCO \u2013BELMONTE MEZZAGNO - Centro Studi Giorgio La Pira","isPartOf":{"@id":"https:\/\/centrostudigiorgiolapirabelmontemezzagno.it\/#website"},"datePublished":"2025-06-21T12:18:17+00:00","dateModified":"2025-06-21T12:50:20+00:00","breadcrumb":{"@id":"https:\/\/centrostudigiorgiolapirabelmontemezzagno.it\/index.php\/blog\/forestazione-contrada-bosco-belmonte-mezzagno\/#breadcrumb"},"inLanguage":"it-IT","potentialAction":[{"@type":"ReadAction","target":["https:\/\/centrostudigiorgiolapirabelmontemezzagno.it\/index.php\/blog\/forestazione-contrada-bosco-belmonte-mezzagno\/"]}]},{"@type":"BreadcrumbList","@id":"https:\/\/centrostudigiorgiolapirabelmontemezzagno.it\/index.php\/blog\/forestazione-contrada-bosco-belmonte-mezzagno\/#breadcrumb","itemListElement":[{"@type":"ListItem","position":1,"name":"Home","item":"https:\/\/centrostudigiorgiolapirabelmontemezzagno.it\/"},{"@type":"ListItem","position":2,"name":"FORESTAZIONE \u00a0Contrada\u00a0 BOSCO \u2013BELMONTE MEZZAGNO"}]},{"@type":"WebSite","@id":"https:\/\/centrostudigiorgiolapirabelmontemezzagno.it\/#website","url":"https:\/\/centrostudigiorgiolapirabelmontemezzagno.it\/","name":"Centro Studi Giorgio La Pira","description":"","publisher":{"@id":"https:\/\/centrostudigiorgiolapirabelmontemezzagno.it\/#organization"},"alternateName":"Centro Studi Belmonte Mezzagno La Pira","potentialAction":[{"@type":"SearchAction","target":{"@type":"EntryPoint","urlTemplate":"https:\/\/centrostudigiorgiolapirabelmontemezzagno.it\/?s={search_term_string}"},"query-input":{"@type":"PropertyValueSpecification","valueRequired":true,"valueName":"search_term_string"}}],"inLanguage":"it-IT"},{"@type":"Organization","@id":"https:\/\/centrostudigiorgiolapirabelmontemezzagno.it\/#organization","name":"Centro Studi Giorgio La Pira","url":"https:\/\/centrostudigiorgiolapirabelmontemezzagno.it\/","logo":{"@type":"ImageObject","inLanguage":"it-IT","@id":"https:\/\/centrostudigiorgiolapirabelmontemezzagno.it\/#\/schema\/logo\/image\/","url":"https:\/\/centrostudigiorgiolapirabelmontemezzagno.it\/wp-content\/uploads\/2025\/06\/LOGO-STUDIO-FINALE.png","contentUrl":"https:\/\/centrostudigiorgiolapirabelmontemezzagno.it\/wp-content\/uploads\/2025\/06\/LOGO-STUDIO-FINALE.png","width":501,"height":498,"caption":"Centro Studi Giorgio La Pira"},"image":{"@id":"https:\/\/centrostudigiorgiolapirabelmontemezzagno.it\/#\/schema\/logo\/image\/"}}]}},"_links":{"self":[{"href":"https:\/\/centrostudigiorgiolapirabelmontemezzagno.it\/index.php\/wp-json\/wp\/v2\/blog\/571","targetHints":{"allow":["GET"]}}],"collection":[{"href":"https:\/\/centrostudigiorgiolapirabelmontemezzagno.it\/index.php\/wp-json\/wp\/v2\/blog"}],"about":[{"href":"https:\/\/centrostudigiorgiolapirabelmontemezzagno.it\/index.php\/wp-json\/wp\/v2\/types\/blog"}],"wp:attachment":[{"href":"https:\/\/centrostudigiorgiolapirabelmontemezzagno.it\/index.php\/wp-json\/wp\/v2\/media?parent=571"}],"curies":[{"name":"wp","href":"https:\/\/api.w.org\/{rel}","templated":true}]}}