{"id":640,"date":"2025-08-28T19:51:13","date_gmt":"2025-08-28T19:51:13","guid":{"rendered":"https:\/\/centrostudigiorgiolapirabelmontemezzagno.it\/?post_type=blog&#038;p=640"},"modified":"2025-08-30T12:31:33","modified_gmt":"2025-08-30T12:31:33","slug":"800-milioni-di-euro-per-attivita-imprenditoriali","status":"publish","type":"blog","link":"https:\/\/centrostudigiorgiolapirabelmontemezzagno.it\/index.php\/blog\/800-milioni-di-euro-per-attivita-imprenditoriali\/","title":{"rendered":"800 milioni di euro per attivit\u00e0 imprenditoriali."},"content":{"rendered":"\n<p><strong><u>Pubblicato in&nbsp;<a href=\"https:\/\/www.gazzettaufficiale.it\/eli\/gu\/2025\/08\/21\/193\/sg\/pdf\" target=\"_blank\" rel=\"noreferrer noopener\">Gazzetta Ufficiale n.193<\/a>&nbsp;del 21 agosto scorso, il&nbsp;<a href=\"https:\/\/www.gazzettaufficiale.it\/atto\/serie_generale\/caricaDettaglioAtto\/originario?atto.dataPubblicazioneGazzetta=2025-08-21&amp;atto.codiceRedazionale=25A04699&amp;elenco30giorni=true\" target=\"_blank\" rel=\"noreferrer noopener\">decreto 11 luglio 2025&nbsp;<\/a><\/u><\/strong>&nbsp;che definisce i criteri e le modalit\u00e0 attuative degli esoneri previsti dagli articoli 17 e 18 del decreto legge 7 maggio 2024, n.\u202f60, convertito nella legge n.\u202f95 del 4 luglio 2024, noto come \u201cDecreto Coesione\u201d. Il provvedimento mette a disposizione <strong>800 milioni di euro<\/strong> \u2013 di cui 700 milioni dal Fondo Sociale Europeo Plus (FSE+) e 100 milioni dal PNRR \u2013 per sostenere giovani under 35 che intendono avviare un\u2019attivit\u00e0 autonoma o imprenditoriale.<\/p>\n\n\n\n<p>In particolare, 356.400.000 euro sono destinati al rilancio di \u201cResto al Sud\u201d nelle otto regioni del Mezzogiorno, mentre il resto finanzier\u00e0 misure di autoimpiego nel Centro-Nord.\u00a0Possono accedere giovani inoccupati o disoccupati, inclusi i disoccupati beneficiari di NaspI, nonch\u00e9 i soggetti presi in carico dal\u00a0<strong>Programma GOL<\/strong>, nonch\u00e9 soggetti in condizioni di marginalit\u00e0, vulnerabilit\u00e0 o discriminazione (art 5).Le agevolazioni si articolano in due forme: un\u00a0<strong>voucher a fondo perduto<\/strong>\u00a0pari al 100% dell\u2019investimento, fino a\u00a0<strong>30.000 euro per le iniziative del Centro-Nord (art 10)<\/strong>\u00a0e a\u00a0<strong>40.000 euro per quelle del Mezzogiorno (art 20),<\/strong>\u00a0elevabili rispettivamente a\u00a0<strong>40.000 e 50.000 euro<\/strong>\u00a0se i progetti riguardano beni o servizi innovativi, digitali, tecnologici o sostenibili; e un\u00a0<strong>contributo a fondo perduto<\/strong>\u00a0per programmi di investimento, che copre fino al\u00a0<strong>65% per i progetti del Centro-Nord fino a 120.000 euro (art 12)<\/strong>\u00a0e al\u00a0<strong>60% per quelli compresi tra 120.000 e 200.000 euro,\u00a0<\/strong>mentre per il Mezzogiorno la copertura arriva fino al\u00a0<strong>75% per progetti fino a 120.000 euro e al 70% per quelli tra 120.000 e 200.000 euro (art 22).<\/strong> \u00a0Gli incentivi sono\u00a0<strong>cumulabili con altri aiuti pubblici<\/strong>\u00a0(art 15), purch\u00e9 nei limiti delle intensit\u00e0 massime previste dalla normativa europea sugli aiuti di Stato.\u00a0La misura \u00e8 gestita da Invitalia, affiancata dall\u2019Ente Nazionale per il Microcredito e da Sviluppo Lavoro Italia S.p.A., con compiti di coordinamento, formazione e supporto ai centri per l\u2019impiego. Infine, entro 90 giorni un decreto direttoriale fisser\u00e0 i termini di apertura dello sportello, le modalit\u00e0 di presentazione delle domande e la documentazione necessaria.\u00a0<\/p>\n","protected":false},"featured_media":0,"parent":0,"template":"","meta":{"_acf_changed":true},"class_list":["post-640","blog","type-blog","status-publish","hentry"],"acf":[],"yoast_head":"<!-- This site is optimized with the Yoast SEO plugin v27.4 - https:\/\/yoast.com\/product\/yoast-seo-wordpress\/ -->\n<title>800 milioni di euro per attivit\u00e0 imprenditoriali. - Centro Studi Giorgio La Pira<\/title>\n<meta name=\"robots\" content=\"index, follow, max-snippet:-1, max-image-preview:large, max-video-preview:-1\" \/>\n<link rel=\"canonical\" href=\"https:\/\/centrostudigiorgiolapirabelmontemezzagno.it\/index.php\/blog\/800-milioni-di-euro-per-attivita-imprenditoriali\/\" \/>\n<meta property=\"og:locale\" content=\"it_IT\" \/>\n<meta property=\"og:type\" content=\"article\" \/>\n<meta property=\"og:title\" content=\"800 milioni di euro per attivit\u00e0 imprenditoriali. - Centro Studi Giorgio La Pira\" \/>\n<meta property=\"og:description\" content=\"Pubblicato in&nbsp;Gazzetta Ufficiale n.193&nbsp;del 21 agosto scorso, il&nbsp;decreto 11 luglio 2025&nbsp;&nbsp;che definisce i criteri e le modalit\u00e0 attuative degli esoneri previsti dagli articoli 17 e 18 del decreto legge 7 maggio 2024, n.\u202f60, convertito nella legge n.\u202f95 del 4 luglio 2024, noto come \u201cDecreto Coesione\u201d. Il provvedimento mette a disposizione 800 milioni di euro \u2013 [&hellip;]\" \/>\n<meta property=\"og:url\" content=\"https:\/\/centrostudigiorgiolapirabelmontemezzagno.it\/index.php\/blog\/800-milioni-di-euro-per-attivita-imprenditoriali\/\" \/>\n<meta property=\"og:site_name\" content=\"Centro Studi Giorgio La Pira\" \/>\n<meta property=\"article:modified_time\" content=\"2025-08-30T12:31:33+00:00\" \/>\n<meta name=\"twitter:card\" content=\"summary_large_image\" \/>\n<meta name=\"twitter:label1\" content=\"Tempo di lettura stimato\" \/>\n\t<meta name=\"twitter:data1\" content=\"2 minuti\" \/>\n<script type=\"application\/ld+json\" class=\"yoast-schema-graph\">{\"@context\":\"https:\\\/\\\/schema.org\",\"@graph\":[{\"@type\":\"WebPage\",\"@id\":\"https:\\\/\\\/centrostudigiorgiolapirabelmontemezzagno.it\\\/index.php\\\/blog\\\/800-milioni-di-euro-per-attivita-imprenditoriali\\\/\",\"url\":\"https:\\\/\\\/centrostudigiorgiolapirabelmontemezzagno.it\\\/index.php\\\/blog\\\/800-milioni-di-euro-per-attivita-imprenditoriali\\\/\",\"name\":\"800 milioni di euro per attivit\u00e0 imprenditoriali. - Centro Studi Giorgio La Pira\",\"isPartOf\":{\"@id\":\"https:\\\/\\\/centrostudigiorgiolapirabelmontemezzagno.it\\\/#website\"},\"datePublished\":\"2025-08-28T19:51:13+00:00\",\"dateModified\":\"2025-08-30T12:31:33+00:00\",\"breadcrumb\":{\"@id\":\"https:\\\/\\\/centrostudigiorgiolapirabelmontemezzagno.it\\\/index.php\\\/blog\\\/800-milioni-di-euro-per-attivita-imprenditoriali\\\/#breadcrumb\"},\"inLanguage\":\"it-IT\",\"potentialAction\":[{\"@type\":\"ReadAction\",\"target\":[\"https:\\\/\\\/centrostudigiorgiolapirabelmontemezzagno.it\\\/index.php\\\/blog\\\/800-milioni-di-euro-per-attivita-imprenditoriali\\\/\"]}]},{\"@type\":\"BreadcrumbList\",\"@id\":\"https:\\\/\\\/centrostudigiorgiolapirabelmontemezzagno.it\\\/index.php\\\/blog\\\/800-milioni-di-euro-per-attivita-imprenditoriali\\\/#breadcrumb\",\"itemListElement\":[{\"@type\":\"ListItem\",\"position\":1,\"name\":\"Home\",\"item\":\"https:\\\/\\\/centrostudigiorgiolapirabelmontemezzagno.it\\\/\"},{\"@type\":\"ListItem\",\"position\":2,\"name\":\"800 milioni di euro per attivit\u00e0 imprenditoriali.\"}]},{\"@type\":\"WebSite\",\"@id\":\"https:\\\/\\\/centrostudigiorgiolapirabelmontemezzagno.it\\\/#website\",\"url\":\"https:\\\/\\\/centrostudigiorgiolapirabelmontemezzagno.it\\\/\",\"name\":\"Centro Studi Giorgio La Pira\",\"description\":\"\",\"publisher\":{\"@id\":\"https:\\\/\\\/centrostudigiorgiolapirabelmontemezzagno.it\\\/#organization\"},\"alternateName\":\"Centro Studi Belmonte Mezzagno La Pira\",\"potentialAction\":[{\"@type\":\"SearchAction\",\"target\":{\"@type\":\"EntryPoint\",\"urlTemplate\":\"https:\\\/\\\/centrostudigiorgiolapirabelmontemezzagno.it\\\/?s={search_term_string}\"},\"query-input\":{\"@type\":\"PropertyValueSpecification\",\"valueRequired\":true,\"valueName\":\"search_term_string\"}}],\"inLanguage\":\"it-IT\"},{\"@type\":\"Organization\",\"@id\":\"https:\\\/\\\/centrostudigiorgiolapirabelmontemezzagno.it\\\/#organization\",\"name\":\"Centro Studi Giorgio La Pira\",\"url\":\"https:\\\/\\\/centrostudigiorgiolapirabelmontemezzagno.it\\\/\",\"logo\":{\"@type\":\"ImageObject\",\"inLanguage\":\"it-IT\",\"@id\":\"https:\\\/\\\/centrostudigiorgiolapirabelmontemezzagno.it\\\/#\\\/schema\\\/logo\\\/image\\\/\",\"url\":\"https:\\\/\\\/centrostudigiorgiolapirabelmontemezzagno.it\\\/wp-content\\\/uploads\\\/2025\\\/06\\\/LOGO-STUDIO-FINALE.png\",\"contentUrl\":\"https:\\\/\\\/centrostudigiorgiolapirabelmontemezzagno.it\\\/wp-content\\\/uploads\\\/2025\\\/06\\\/LOGO-STUDIO-FINALE.png\",\"width\":501,\"height\":498,\"caption\":\"Centro Studi Giorgio La Pira\"},\"image\":{\"@id\":\"https:\\\/\\\/centrostudigiorgiolapirabelmontemezzagno.it\\\/#\\\/schema\\\/logo\\\/image\\\/\"}}]}<\/script>\n<!-- \/ Yoast SEO plugin. -->","yoast_head_json":{"title":"800 milioni di euro per attivit\u00e0 imprenditoriali. - Centro Studi Giorgio La Pira","robots":{"index":"index","follow":"follow","max-snippet":"max-snippet:-1","max-image-preview":"max-image-preview:large","max-video-preview":"max-video-preview:-1"},"canonical":"https:\/\/centrostudigiorgiolapirabelmontemezzagno.it\/index.php\/blog\/800-milioni-di-euro-per-attivita-imprenditoriali\/","og_locale":"it_IT","og_type":"article","og_title":"800 milioni di euro per attivit\u00e0 imprenditoriali. - Centro Studi Giorgio La Pira","og_description":"Pubblicato in&nbsp;Gazzetta Ufficiale n.193&nbsp;del 21 agosto scorso, il&nbsp;decreto 11 luglio 2025&nbsp;&nbsp;che definisce i criteri e le modalit\u00e0 attuative degli esoneri previsti dagli articoli 17 e 18 del decreto legge 7 maggio 2024, n.\u202f60, convertito nella legge n.\u202f95 del 4 luglio 2024, noto come \u201cDecreto Coesione\u201d. Il provvedimento mette a disposizione 800 milioni di euro \u2013 [&hellip;]","og_url":"https:\/\/centrostudigiorgiolapirabelmontemezzagno.it\/index.php\/blog\/800-milioni-di-euro-per-attivita-imprenditoriali\/","og_site_name":"Centro Studi Giorgio La Pira","article_modified_time":"2025-08-30T12:31:33+00:00","twitter_card":"summary_large_image","twitter_misc":{"Tempo di lettura stimato":"2 minuti"},"schema":{"@context":"https:\/\/schema.org","@graph":[{"@type":"WebPage","@id":"https:\/\/centrostudigiorgiolapirabelmontemezzagno.it\/index.php\/blog\/800-milioni-di-euro-per-attivita-imprenditoriali\/","url":"https:\/\/centrostudigiorgiolapirabelmontemezzagno.it\/index.php\/blog\/800-milioni-di-euro-per-attivita-imprenditoriali\/","name":"800 milioni di euro per attivit\u00e0 imprenditoriali. - Centro Studi Giorgio La Pira","isPartOf":{"@id":"https:\/\/centrostudigiorgiolapirabelmontemezzagno.it\/#website"},"datePublished":"2025-08-28T19:51:13+00:00","dateModified":"2025-08-30T12:31:33+00:00","breadcrumb":{"@id":"https:\/\/centrostudigiorgiolapirabelmontemezzagno.it\/index.php\/blog\/800-milioni-di-euro-per-attivita-imprenditoriali\/#breadcrumb"},"inLanguage":"it-IT","potentialAction":[{"@type":"ReadAction","target":["https:\/\/centrostudigiorgiolapirabelmontemezzagno.it\/index.php\/blog\/800-milioni-di-euro-per-attivita-imprenditoriali\/"]}]},{"@type":"BreadcrumbList","@id":"https:\/\/centrostudigiorgiolapirabelmontemezzagno.it\/index.php\/blog\/800-milioni-di-euro-per-attivita-imprenditoriali\/#breadcrumb","itemListElement":[{"@type":"ListItem","position":1,"name":"Home","item":"https:\/\/centrostudigiorgiolapirabelmontemezzagno.it\/"},{"@type":"ListItem","position":2,"name":"800 milioni di euro per attivit\u00e0 imprenditoriali."}]},{"@type":"WebSite","@id":"https:\/\/centrostudigiorgiolapirabelmontemezzagno.it\/#website","url":"https:\/\/centrostudigiorgiolapirabelmontemezzagno.it\/","name":"Centro Studi Giorgio La Pira","description":"","publisher":{"@id":"https:\/\/centrostudigiorgiolapirabelmontemezzagno.it\/#organization"},"alternateName":"Centro Studi Belmonte Mezzagno La Pira","potentialAction":[{"@type":"SearchAction","target":{"@type":"EntryPoint","urlTemplate":"https:\/\/centrostudigiorgiolapirabelmontemezzagno.it\/?s={search_term_string}"},"query-input":{"@type":"PropertyValueSpecification","valueRequired":true,"valueName":"search_term_string"}}],"inLanguage":"it-IT"},{"@type":"Organization","@id":"https:\/\/centrostudigiorgiolapirabelmontemezzagno.it\/#organization","name":"Centro Studi Giorgio La Pira","url":"https:\/\/centrostudigiorgiolapirabelmontemezzagno.it\/","logo":{"@type":"ImageObject","inLanguage":"it-IT","@id":"https:\/\/centrostudigiorgiolapirabelmontemezzagno.it\/#\/schema\/logo\/image\/","url":"https:\/\/centrostudigiorgiolapirabelmontemezzagno.it\/wp-content\/uploads\/2025\/06\/LOGO-STUDIO-FINALE.png","contentUrl":"https:\/\/centrostudigiorgiolapirabelmontemezzagno.it\/wp-content\/uploads\/2025\/06\/LOGO-STUDIO-FINALE.png","width":501,"height":498,"caption":"Centro Studi Giorgio La Pira"},"image":{"@id":"https:\/\/centrostudigiorgiolapirabelmontemezzagno.it\/#\/schema\/logo\/image\/"}}]}},"_links":{"self":[{"href":"https:\/\/centrostudigiorgiolapirabelmontemezzagno.it\/index.php\/wp-json\/wp\/v2\/blog\/640","targetHints":{"allow":["GET"]}}],"collection":[{"href":"https:\/\/centrostudigiorgiolapirabelmontemezzagno.it\/index.php\/wp-json\/wp\/v2\/blog"}],"about":[{"href":"https:\/\/centrostudigiorgiolapirabelmontemezzagno.it\/index.php\/wp-json\/wp\/v2\/types\/blog"}],"wp:attachment":[{"href":"https:\/\/centrostudigiorgiolapirabelmontemezzagno.it\/index.php\/wp-json\/wp\/v2\/media?parent=640"}],"curies":[{"name":"wp","href":"https:\/\/api.w.org\/{rel}","templated":true}]}}