{"id":644,"date":"2025-09-14T11:53:52","date_gmt":"2025-09-14T11:53:52","guid":{"rendered":"https:\/\/centrostudigiorgiolapirabelmontemezzagno.it\/?post_type=blog&#038;p=644"},"modified":"2025-09-14T12:25:47","modified_gmt":"2025-09-14T12:25:47","slug":"belmonte-mezzagno-14-settembre-festa-del-ss-crocifisso","status":"publish","type":"blog","link":"https:\/\/centrostudigiorgiolapirabelmontemezzagno.it\/index.php\/blog\/belmonte-mezzagno-14-settembre-festa-del-ss-crocifisso\/","title":{"rendered":"Belmonte Mezzagno \u00a014 settembre \u00a0Festa \u00a0del SS. Crocifisso"},"content":{"rendered":"\n<p style=\"font-style:italic;font-weight:500\"><em><strong>Ges\u00f9 innalzato sulla croce riscatta tutto per amore la lunga attesa della storia l\u2019angoscia e il pianto d\u2019ogni uomo.\u00a0Il Soffio effuso nella morte attira a lui la terra intera e fa salire al suo riposo il santo popolo in cammino.\u00a0Rigenerata dal Signore principio e fine d\u2019ogni cosa la creazione tutta intera annuncia il Regno della pace.Le genti tutte guarderanno a lui trafitto e nella gloria che vive e regna con il Padre e il santo Spirito in eterno.<\/strong><\/em><\/p>\n\n\n\n<p>L&#8217;antico adagio dei Padri coglie perfettamente il senso di questa festa che vuole esaltare il mistero della Croce e che l\u2019Amministrazione &nbsp;Comunale, presieduta dal Dr Giovanni Salerno &nbsp;volle, attraverso lo Statuto Comunale,&nbsp; festa civile e religiosa nel giorno del 14 settembre, anzich\u00e9 &nbsp;\u2013 come originariamente previsto \u2013 nella terza domenica di settembre.<\/p>\n\n\n\n<p>Da sempre esiste un profondo rapporto &#8211; un legame quasi identitario &#8211; tra il Crocifisso e la comunit\u00e0 di Belmonte Mezzagno. Il linguaggio della Croce dice sacrificio, lascia intendere che nulla si ottiene senza la capacit\u00e0 di impegnarsi e di lottare sino alla fine, e i Belmontesi, da sempre, sono riconosciuti come grandi lavoratori. Spesso li incontri nei cantieri stradali dove la fatica \u00e8 immane o nei cantieri edili dove si costruiscono case e ponti.<\/p>\n\n\n\n<p>La Croce dice anche che il mistero del dolore \u00e8 ineliminabile dalla storia umana, spesso appare uno scandalo insopportabile, quasi una tragedia senza fine, e il nostro paese \u00e8 spesso segnato da lutti straordinari e da forti contraddizioni. Ma sa sempre rialzarsi e risorgere. Sa sempre ricominciare. Perch\u00e9 la Croce \u00e8 anche e soprattutto un anticipo di resurrezione. &nbsp;Esaltare la Santa Croce significa volont\u00e0 di Resurrezione.<\/p>\n\n\n\n<p>Questo paese, a volte crocifisso come il suo Patrono, \u00e8 sempre e comunque un paese che anela a risorgere. Viviamo, ormai da anni, un periodo di isolamento dovuto alla frana di Gibilrossa. Eppure avvertiamo tutti che esiste una forte volont\u00e0 civica, popolare, di andare avanti. In fondo il 14 settembre \u00e8 il vero atto fondativo del nostro paese che non si arrende mai. Parafrasando un grandissimo filosofo e teologo, si potrebbe dire che &#8220;La Croce di Cristo e&#8217; l&#8217;unica vera credenziale del nostro paese, la sua energia pi\u00f9 forte&#8221;.<\/p>\n\n\n\n<p>Viva il Santissimo Crocifisso, viva Belmonte Mezzagno.<\/p>\n\n\n\n<p>Belmonte Mezzagno 14-09-2025\u00a0\u00a0\u00a0\u00a0\u00a0\u00a0\u00a0\u00a0\u00a0\u00a0\u00a0\u00a0\u00a0\u00a0\u00a0\u00a0\u00a0\u00a0\u00a0\u00a0\u00a0\u00a0\u00a0\u00a0 \u00a0\u00a0\u00a0\u00a0\u00a0\u00a0\u00a0<\/p>\n","protected":false},"featured_media":0,"parent":0,"template":"","meta":{"_acf_changed":false},"class_list":["post-644","blog","type-blog","status-publish","hentry"],"acf":[],"yoast_head":"<!-- This site is optimized with the Yoast SEO plugin v27.4 - https:\/\/yoast.com\/product\/yoast-seo-wordpress\/ -->\n<title>Belmonte Mezzagno \u00a014 settembre \u00a0Festa \u00a0del SS. Crocifisso - Centro Studi Giorgio La Pira<\/title>\n<meta name=\"robots\" content=\"index, follow, max-snippet:-1, max-image-preview:large, max-video-preview:-1\" \/>\n<link rel=\"canonical\" href=\"https:\/\/centrostudigiorgiolapirabelmontemezzagno.it\/index.php\/blog\/belmonte-mezzagno-14-settembre-festa-del-ss-crocifisso\/\" \/>\n<meta property=\"og:locale\" content=\"it_IT\" \/>\n<meta property=\"og:type\" content=\"article\" \/>\n<meta property=\"og:title\" content=\"Belmonte Mezzagno \u00a014 settembre \u00a0Festa \u00a0del SS. Crocifisso - Centro Studi Giorgio La Pira\" \/>\n<meta property=\"og:description\" content=\"Ges\u00f9 innalzato sulla croce riscatta tutto per amore la lunga attesa della storia l\u2019angoscia e il pianto d\u2019ogni uomo.\u00a0Il Soffio effuso nella morte attira a lui la terra intera e fa salire al suo riposo il santo popolo in cammino.\u00a0Rigenerata dal Signore principio e fine d\u2019ogni cosa la creazione tutta intera annuncia il Regno della [&hellip;]\" \/>\n<meta property=\"og:url\" content=\"https:\/\/centrostudigiorgiolapirabelmontemezzagno.it\/index.php\/blog\/belmonte-mezzagno-14-settembre-festa-del-ss-crocifisso\/\" \/>\n<meta property=\"og:site_name\" content=\"Centro Studi Giorgio La Pira\" \/>\n<meta property=\"article:modified_time\" content=\"2025-09-14T12:25:47+00:00\" \/>\n<meta name=\"twitter:card\" content=\"summary_large_image\" \/>\n<meta name=\"twitter:label1\" content=\"Tempo di lettura stimato\" \/>\n\t<meta name=\"twitter:data1\" content=\"2 minuti\" \/>\n<script type=\"application\/ld+json\" class=\"yoast-schema-graph\">{\"@context\":\"https:\\\/\\\/schema.org\",\"@graph\":[{\"@type\":\"WebPage\",\"@id\":\"https:\\\/\\\/centrostudigiorgiolapirabelmontemezzagno.it\\\/index.php\\\/blog\\\/belmonte-mezzagno-14-settembre-festa-del-ss-crocifisso\\\/\",\"url\":\"https:\\\/\\\/centrostudigiorgiolapirabelmontemezzagno.it\\\/index.php\\\/blog\\\/belmonte-mezzagno-14-settembre-festa-del-ss-crocifisso\\\/\",\"name\":\"Belmonte Mezzagno \u00a014 settembre \u00a0Festa \u00a0del SS. Crocifisso - Centro Studi Giorgio La Pira\",\"isPartOf\":{\"@id\":\"https:\\\/\\\/centrostudigiorgiolapirabelmontemezzagno.it\\\/#website\"},\"datePublished\":\"2025-09-14T11:53:52+00:00\",\"dateModified\":\"2025-09-14T12:25:47+00:00\",\"breadcrumb\":{\"@id\":\"https:\\\/\\\/centrostudigiorgiolapirabelmontemezzagno.it\\\/index.php\\\/blog\\\/belmonte-mezzagno-14-settembre-festa-del-ss-crocifisso\\\/#breadcrumb\"},\"inLanguage\":\"it-IT\",\"potentialAction\":[{\"@type\":\"ReadAction\",\"target\":[\"https:\\\/\\\/centrostudigiorgiolapirabelmontemezzagno.it\\\/index.php\\\/blog\\\/belmonte-mezzagno-14-settembre-festa-del-ss-crocifisso\\\/\"]}]},{\"@type\":\"BreadcrumbList\",\"@id\":\"https:\\\/\\\/centrostudigiorgiolapirabelmontemezzagno.it\\\/index.php\\\/blog\\\/belmonte-mezzagno-14-settembre-festa-del-ss-crocifisso\\\/#breadcrumb\",\"itemListElement\":[{\"@type\":\"ListItem\",\"position\":1,\"name\":\"Home\",\"item\":\"https:\\\/\\\/centrostudigiorgiolapirabelmontemezzagno.it\\\/\"},{\"@type\":\"ListItem\",\"position\":2,\"name\":\"Belmonte Mezzagno \u00a014 settembre \u00a0Festa \u00a0del SS. Crocifisso\"}]},{\"@type\":\"WebSite\",\"@id\":\"https:\\\/\\\/centrostudigiorgiolapirabelmontemezzagno.it\\\/#website\",\"url\":\"https:\\\/\\\/centrostudigiorgiolapirabelmontemezzagno.it\\\/\",\"name\":\"Centro Studi Giorgio La Pira\",\"description\":\"\",\"publisher\":{\"@id\":\"https:\\\/\\\/centrostudigiorgiolapirabelmontemezzagno.it\\\/#organization\"},\"alternateName\":\"Centro Studi Belmonte Mezzagno La Pira\",\"potentialAction\":[{\"@type\":\"SearchAction\",\"target\":{\"@type\":\"EntryPoint\",\"urlTemplate\":\"https:\\\/\\\/centrostudigiorgiolapirabelmontemezzagno.it\\\/?s={search_term_string}\"},\"query-input\":{\"@type\":\"PropertyValueSpecification\",\"valueRequired\":true,\"valueName\":\"search_term_string\"}}],\"inLanguage\":\"it-IT\"},{\"@type\":\"Organization\",\"@id\":\"https:\\\/\\\/centrostudigiorgiolapirabelmontemezzagno.it\\\/#organization\",\"name\":\"Centro Studi Giorgio La Pira\",\"url\":\"https:\\\/\\\/centrostudigiorgiolapirabelmontemezzagno.it\\\/\",\"logo\":{\"@type\":\"ImageObject\",\"inLanguage\":\"it-IT\",\"@id\":\"https:\\\/\\\/centrostudigiorgiolapirabelmontemezzagno.it\\\/#\\\/schema\\\/logo\\\/image\\\/\",\"url\":\"https:\\\/\\\/centrostudigiorgiolapirabelmontemezzagno.it\\\/wp-content\\\/uploads\\\/2025\\\/06\\\/LOGO-STUDIO-FINALE.png\",\"contentUrl\":\"https:\\\/\\\/centrostudigiorgiolapirabelmontemezzagno.it\\\/wp-content\\\/uploads\\\/2025\\\/06\\\/LOGO-STUDIO-FINALE.png\",\"width\":501,\"height\":498,\"caption\":\"Centro Studi Giorgio La Pira\"},\"image\":{\"@id\":\"https:\\\/\\\/centrostudigiorgiolapirabelmontemezzagno.it\\\/#\\\/schema\\\/logo\\\/image\\\/\"}}]}<\/script>\n<!-- \/ Yoast SEO plugin. -->","yoast_head_json":{"title":"Belmonte Mezzagno \u00a014 settembre \u00a0Festa \u00a0del SS. Crocifisso - Centro Studi Giorgio La Pira","robots":{"index":"index","follow":"follow","max-snippet":"max-snippet:-1","max-image-preview":"max-image-preview:large","max-video-preview":"max-video-preview:-1"},"canonical":"https:\/\/centrostudigiorgiolapirabelmontemezzagno.it\/index.php\/blog\/belmonte-mezzagno-14-settembre-festa-del-ss-crocifisso\/","og_locale":"it_IT","og_type":"article","og_title":"Belmonte Mezzagno \u00a014 settembre \u00a0Festa \u00a0del SS. Crocifisso - Centro Studi Giorgio La Pira","og_description":"Ges\u00f9 innalzato sulla croce riscatta tutto per amore la lunga attesa della storia l\u2019angoscia e il pianto d\u2019ogni uomo.\u00a0Il Soffio effuso nella morte attira a lui la terra intera e fa salire al suo riposo il santo popolo in cammino.\u00a0Rigenerata dal Signore principio e fine d\u2019ogni cosa la creazione tutta intera annuncia il Regno della [&hellip;]","og_url":"https:\/\/centrostudigiorgiolapirabelmontemezzagno.it\/index.php\/blog\/belmonte-mezzagno-14-settembre-festa-del-ss-crocifisso\/","og_site_name":"Centro Studi Giorgio La Pira","article_modified_time":"2025-09-14T12:25:47+00:00","twitter_card":"summary_large_image","twitter_misc":{"Tempo di lettura stimato":"2 minuti"},"schema":{"@context":"https:\/\/schema.org","@graph":[{"@type":"WebPage","@id":"https:\/\/centrostudigiorgiolapirabelmontemezzagno.it\/index.php\/blog\/belmonte-mezzagno-14-settembre-festa-del-ss-crocifisso\/","url":"https:\/\/centrostudigiorgiolapirabelmontemezzagno.it\/index.php\/blog\/belmonte-mezzagno-14-settembre-festa-del-ss-crocifisso\/","name":"Belmonte Mezzagno \u00a014 settembre \u00a0Festa \u00a0del SS. Crocifisso - Centro Studi Giorgio La Pira","isPartOf":{"@id":"https:\/\/centrostudigiorgiolapirabelmontemezzagno.it\/#website"},"datePublished":"2025-09-14T11:53:52+00:00","dateModified":"2025-09-14T12:25:47+00:00","breadcrumb":{"@id":"https:\/\/centrostudigiorgiolapirabelmontemezzagno.it\/index.php\/blog\/belmonte-mezzagno-14-settembre-festa-del-ss-crocifisso\/#breadcrumb"},"inLanguage":"it-IT","potentialAction":[{"@type":"ReadAction","target":["https:\/\/centrostudigiorgiolapirabelmontemezzagno.it\/index.php\/blog\/belmonte-mezzagno-14-settembre-festa-del-ss-crocifisso\/"]}]},{"@type":"BreadcrumbList","@id":"https:\/\/centrostudigiorgiolapirabelmontemezzagno.it\/index.php\/blog\/belmonte-mezzagno-14-settembre-festa-del-ss-crocifisso\/#breadcrumb","itemListElement":[{"@type":"ListItem","position":1,"name":"Home","item":"https:\/\/centrostudigiorgiolapirabelmontemezzagno.it\/"},{"@type":"ListItem","position":2,"name":"Belmonte Mezzagno \u00a014 settembre \u00a0Festa \u00a0del SS. Crocifisso"}]},{"@type":"WebSite","@id":"https:\/\/centrostudigiorgiolapirabelmontemezzagno.it\/#website","url":"https:\/\/centrostudigiorgiolapirabelmontemezzagno.it\/","name":"Centro Studi Giorgio La Pira","description":"","publisher":{"@id":"https:\/\/centrostudigiorgiolapirabelmontemezzagno.it\/#organization"},"alternateName":"Centro Studi Belmonte Mezzagno La Pira","potentialAction":[{"@type":"SearchAction","target":{"@type":"EntryPoint","urlTemplate":"https:\/\/centrostudigiorgiolapirabelmontemezzagno.it\/?s={search_term_string}"},"query-input":{"@type":"PropertyValueSpecification","valueRequired":true,"valueName":"search_term_string"}}],"inLanguage":"it-IT"},{"@type":"Organization","@id":"https:\/\/centrostudigiorgiolapirabelmontemezzagno.it\/#organization","name":"Centro Studi Giorgio La Pira","url":"https:\/\/centrostudigiorgiolapirabelmontemezzagno.it\/","logo":{"@type":"ImageObject","inLanguage":"it-IT","@id":"https:\/\/centrostudigiorgiolapirabelmontemezzagno.it\/#\/schema\/logo\/image\/","url":"https:\/\/centrostudigiorgiolapirabelmontemezzagno.it\/wp-content\/uploads\/2025\/06\/LOGO-STUDIO-FINALE.png","contentUrl":"https:\/\/centrostudigiorgiolapirabelmontemezzagno.it\/wp-content\/uploads\/2025\/06\/LOGO-STUDIO-FINALE.png","width":501,"height":498,"caption":"Centro Studi Giorgio La Pira"},"image":{"@id":"https:\/\/centrostudigiorgiolapirabelmontemezzagno.it\/#\/schema\/logo\/image\/"}}]}},"_links":{"self":[{"href":"https:\/\/centrostudigiorgiolapirabelmontemezzagno.it\/index.php\/wp-json\/wp\/v2\/blog\/644","targetHints":{"allow":["GET"]}}],"collection":[{"href":"https:\/\/centrostudigiorgiolapirabelmontemezzagno.it\/index.php\/wp-json\/wp\/v2\/blog"}],"about":[{"href":"https:\/\/centrostudigiorgiolapirabelmontemezzagno.it\/index.php\/wp-json\/wp\/v2\/types\/blog"}],"wp:attachment":[{"href":"https:\/\/centrostudigiorgiolapirabelmontemezzagno.it\/index.php\/wp-json\/wp\/v2\/media?parent=644"}],"curies":[{"name":"wp","href":"https:\/\/api.w.org\/{rel}","templated":true}]}}