{"id":651,"date":"2025-09-28T13:04:35","date_gmt":"2025-09-28T13:04:35","guid":{"rendered":"https:\/\/centrostudigiorgiolapirabelmontemezzagno.it\/?post_type=blog&#038;p=651"},"modified":"2025-09-28T13:12:29","modified_gmt":"2025-09-28T13:12:29","slug":"a-belmonte-la-stabilizzazione-degli-asu-resta-al-palo-due-consiglieri-diffidano-lamministrazione","status":"publish","type":"blog","link":"https:\/\/centrostudigiorgiolapirabelmontemezzagno.it\/index.php\/blog\/a-belmonte-la-stabilizzazione-degli-asu-resta-al-palo-due-consiglieri-diffidano-lamministrazione\/","title":{"rendered":"Dopo il richiamo ad adempiere, arriva la diffida di due componenti del Consiglio comunale. Sotto accusa l \u2018Amministrazione comunale\u00a0\u00a0 accusata di continuare a \u201cpredicare bene ma razzolare male\u201d, lasciando senza risposte 18 \u00a0lavoratori\u00a0 in\u00a0 attesa di certezze."},"content":{"rendered":"\n<p>Al Sig Sindaco  Al Sig Assessore al Personale Comune di Belmonte Mezzagno<\/p>\n\n\n\n<p>AI Sig Dirigente Generale del Dipartimento delle Autonomie Locali.<\/p>\n\n\n\n<p>Assessorato Regionale Autonomie Locali <a href=\"mailto:dipartimento.autonomie.locali@certmail.regione.sicilia.it\">dipartimento.autonomie.locali@certmail.regione.sicilia.it<\/a><\/p>\n\n\n\n<p>I sottoscritti Consiglieri del Gruppo consiliare di minoranza \u201cNoi con Belmonte\u201d che, unitariamente all\u2019intero gruppo, pi\u00f9 volte hanno presentato interrogazioni e note volte al completamento della stabilizzazione dei lavoratori ASU all\u2019interno della dotazione organica del Comune, intendono richiamare l&#8217;attenzione dell\u2019Amministrazione in merito alla questione in oggetto. L\u2019ultima comunicazione trasmessa da questo Gruppo risale al 12\/08\/2025. Come gi\u00e0 accaduto per molte delle precedenti, a tutt&#8217;oggi non \u00e8 pervenuto alcun riscontro da parte dell\u2019Ainministrazione comunale. Riteniamo inaccettabile che il Sindaco, in risposta all\u2019interrogazione del 6 febbraio 2025 (prot 2204), abbia comunicato quanto segue: <em>\u201ca seguito di contatti con il funzionario referente della COSFEL, cui \u00e8 demandata 1\u2019autorizzazione agli enti in dissesto per le assunzioni a tempo indeterminato comprese le cosiddette stabilizzazioni, si \u00e8 appresa l&#8217;impossibilit\u00e0 di procedere all\u2019inserimento della richiesta sul portale informatico senza 1\u2019approvazione dell\u2019ipotesi di bilancio stabilmente riequilfbrato, che, come \u00e8 noto, si trova tutt\u2019ora in stato di istruttoria ministeriale e ne <\/em><strong><em>\u201ccostituirebbe necessario presupposto\u201d.<\/em><\/strong><\/p>\n\n\n\n<p><strong><em> <\/em>A <\/strong>nostro avviso, tale affermazione non ha alcuna valenza giuridica. Non \u00e8 accettabile che un procedimento amministrativo venga bloccato sulla base di semplici contatti verbali, ancorch\u00e9 provenienti da funzionari ministeriali. Che valore giuridico pu\u00f2 avere una telefonata rispetto ad atti ufficiali e procedure formali? Se l\u201capprovazione del bilancio riequilibrato dovesse subire ulteriori ritardi o, peggio, essere respinta, quale sarebbe il futuro dei 18 lavoratori ASU che attendono da decenni la stabilizzazione? Inoltre, si rileva che il Sindaco, con nota protocollata il 9 agosto 2025- giorno di sabato, con gli uffici comunali chiusi e appena tre giorni prima della nostra interrogazione del 12 agosto- ha formalmente invitato l&#8217;Assessore al Personale, il Segretario comunale e il Responsabile del Servizio Personale a porre in essere <strong><em>\u201cuna prospettiva occupazionale solida e sicura per q<\/em>u<em>esti lavoratori, che svolgono servizi importanti per la comunit\u00e0. La situazione attuale richiede un\u2019azione immediata e concreta da parte di questo Ente, senza ulteriori indugF\u2019. <\/em><\/strong><\/p>\n\n\n\n<p><strong>A <\/strong>distanza di pi\u00f9 di un mese da tale nota, tuttavia, l&#8217;Assessore al Personale, il Segretario comunale e il Responsabile del Servizio non hanno ancora avviato il percorso necessario, che richiede la predisposizione di una nuova Deliberazione di Giunta atta a modificare: &#8211; la Delibera n. 31 del 01\/07\/2025, relativa alla Proposta di Piano Triennale di Fabbisogno del Personale 2025-2027; &#8211; la Delibera n. 33 del 09\/07\/2025, riguardante l&#8217;approvazione del Piano Integrato di Attivit\u00e0 e Organizzazione (PIAO) 2025-2027.<\/p>\n\n\n\n<p>Tali documenti sono indispensabili per richiedere alla COSFEL l&#8217;autorizzazione alla stabilizzazione del personale ASU. Sul punto, si richiama la nota prot 34843 del 15\/12\/2022 della Direzione Centrale per le Autonomie Locali del Ministero dell&#8217;Interno, secondo cui: \u201cRelativamente alle assunzioni etero finanziate a tempo indeterminato, da inserire sempre nel PTFP, la procedura di approvazione risulta semplificata, in quanto tra i requisiti necessari per ottenere detta approvazione non viene richiesto quello relativo alla dimostrazione del possesso della capacit\u00e0 assunzionale del Comune. Tuttavia, l&#8217;atto deliberativo concernente l&#8217;assunzione deve essere comunque sottoposto al preventivo controllo della COSFEL e, eccettuata la capacit\u00e0 assunzionale, l&#8217;Ente dovr\u00e0 dimostrare il possesso di tutti gli altri requisiti prescritti dalla legge\u201d. Alla luce di quanto sopra, con la presente <strong>diffidiamo l&#8217;Amministrazione comunale a <\/strong>non procrastinare oltre i passaggi amministrativi sopra richiamati e a procedere con urgenza alla trasmissione alla COSFEL della richiesta di autorizzazione alla stabilizzazione del personale ASU. In merito, inoltre, alle dichiarazioni rese dall\u2019Amministrazione sull\u2019inquadramento degli ASU &#8211; con particolare riferimento ai requisiti e ai titoli di studio &#8211; rileviamo che la gestione irregolare della corrispondenza con il Dipartimento Lavoro sta comportando ritardi incompatibili con le scadenze concorsuali gi\u00e0 calendarizzate. \u00c8 necessario che la questione dei profili professionali venga affrontata in modo coerente e risolutivo, cos\u00ec da garantire la continuit\u00e0 e l&#8217;efficienza dei servizi assicurati dai lavoratori ASU.<\/p>\n\n\n\n<p>Belmonte Mezzagno l\u00ec 22.09.2025<\/p>\n\n\n\n<p>I Consiglieri del Gruppo Consiliare di Minoranza NOI CON BELMONTE<\/p>\n\n\n\n<p>Salerno Federica<\/p>\n\n\n\n<p>Italiano Salvatore<\/p>\n\n\n\n<p><\/p>\n","protected":false},"featured_media":0,"parent":0,"template":"","meta":{"_acf_changed":true},"class_list":["post-651","blog","type-blog","status-publish","hentry"],"acf":[],"yoast_head":"<!-- This site is optimized with the Yoast SEO plugin v27.4 - https:\/\/yoast.com\/product\/yoast-seo-wordpress\/ -->\n<title>Dopo il richiamo ad adempiere, arriva la diffida di due componenti del Consiglio comunale. Sotto accusa l \u2018Amministrazione comunale\u00a0\u00a0 accusata di continuare a \u201cpredicare bene ma razzolare male\u201d, lasciando senza risposte 18 \u00a0lavoratori\u00a0 in\u00a0 attesa di certezze. - Centro Studi Giorgio La Pira<\/title>\n<meta name=\"robots\" content=\"index, follow, max-snippet:-1, max-image-preview:large, max-video-preview:-1\" \/>\n<link rel=\"canonical\" href=\"https:\/\/centrostudigiorgiolapirabelmontemezzagno.it\/index.php\/blog\/a-belmonte-la-stabilizzazione-degli-asu-resta-al-palo-due-consiglieri-diffidano-lamministrazione\/\" \/>\n<meta property=\"og:locale\" content=\"it_IT\" \/>\n<meta property=\"og:type\" content=\"article\" \/>\n<meta property=\"og:title\" content=\"Dopo il richiamo ad adempiere, arriva la diffida di due componenti del Consiglio comunale. Sotto accusa l \u2018Amministrazione comunale\u00a0\u00a0 accusata di continuare a \u201cpredicare bene ma razzolare male\u201d, lasciando senza risposte 18 \u00a0lavoratori\u00a0 in\u00a0 attesa di certezze. - Centro Studi Giorgio La Pira\" \/>\n<meta property=\"og:description\" content=\"Al Sig Sindaco Al Sig Assessore al Personale Comune di Belmonte Mezzagno AI Sig Dirigente Generale del Dipartimento delle Autonomie Locali. Assessorato Regionale Autonomie Locali dipartimento.autonomie.locali@certmail.regione.sicilia.it I sottoscritti Consiglieri del Gruppo consiliare di minoranza \u201cNoi con Belmonte\u201d che, unitariamente all\u2019intero gruppo, pi\u00f9 volte hanno presentato interrogazioni e note volte al completamento della stabilizzazione dei lavoratori [&hellip;]\" \/>\n<meta property=\"og:url\" content=\"https:\/\/centrostudigiorgiolapirabelmontemezzagno.it\/index.php\/blog\/a-belmonte-la-stabilizzazione-degli-asu-resta-al-palo-due-consiglieri-diffidano-lamministrazione\/\" \/>\n<meta property=\"og:site_name\" content=\"Centro Studi Giorgio La Pira\" \/>\n<meta property=\"article:modified_time\" content=\"2025-09-28T13:12:29+00:00\" \/>\n<meta name=\"twitter:card\" content=\"summary_large_image\" \/>\n<meta name=\"twitter:label1\" content=\"Tempo di lettura stimato\" \/>\n\t<meta name=\"twitter:data1\" content=\"4 minuti\" \/>\n<script type=\"application\/ld+json\" class=\"yoast-schema-graph\">{\"@context\":\"https:\\\/\\\/schema.org\",\"@graph\":[{\"@type\":\"WebPage\",\"@id\":\"https:\\\/\\\/centrostudigiorgiolapirabelmontemezzagno.it\\\/index.php\\\/blog\\\/a-belmonte-la-stabilizzazione-degli-asu-resta-al-palo-due-consiglieri-diffidano-lamministrazione\\\/\",\"url\":\"https:\\\/\\\/centrostudigiorgiolapirabelmontemezzagno.it\\\/index.php\\\/blog\\\/a-belmonte-la-stabilizzazione-degli-asu-resta-al-palo-due-consiglieri-diffidano-lamministrazione\\\/\",\"name\":\"Dopo il richiamo ad adempiere, arriva la diffida di due componenti del Consiglio comunale. Sotto accusa l \u2018Amministrazione comunale\u00a0\u00a0 accusata di continuare a \u201cpredicare bene ma razzolare male\u201d, lasciando senza risposte 18 \u00a0lavoratori\u00a0 in\u00a0 attesa di certezze. - Centro Studi Giorgio La Pira\",\"isPartOf\":{\"@id\":\"https:\\\/\\\/centrostudigiorgiolapirabelmontemezzagno.it\\\/#website\"},\"datePublished\":\"2025-09-28T13:04:35+00:00\",\"dateModified\":\"2025-09-28T13:12:29+00:00\",\"breadcrumb\":{\"@id\":\"https:\\\/\\\/centrostudigiorgiolapirabelmontemezzagno.it\\\/index.php\\\/blog\\\/a-belmonte-la-stabilizzazione-degli-asu-resta-al-palo-due-consiglieri-diffidano-lamministrazione\\\/#breadcrumb\"},\"inLanguage\":\"it-IT\",\"potentialAction\":[{\"@type\":\"ReadAction\",\"target\":[\"https:\\\/\\\/centrostudigiorgiolapirabelmontemezzagno.it\\\/index.php\\\/blog\\\/a-belmonte-la-stabilizzazione-degli-asu-resta-al-palo-due-consiglieri-diffidano-lamministrazione\\\/\"]}]},{\"@type\":\"BreadcrumbList\",\"@id\":\"https:\\\/\\\/centrostudigiorgiolapirabelmontemezzagno.it\\\/index.php\\\/blog\\\/a-belmonte-la-stabilizzazione-degli-asu-resta-al-palo-due-consiglieri-diffidano-lamministrazione\\\/#breadcrumb\",\"itemListElement\":[{\"@type\":\"ListItem\",\"position\":1,\"name\":\"Home\",\"item\":\"https:\\\/\\\/centrostudigiorgiolapirabelmontemezzagno.it\\\/\"},{\"@type\":\"ListItem\",\"position\":2,\"name\":\"Dopo il richiamo ad adempiere, arriva la diffida di due componenti del Consiglio comunale. Sotto accusa l \u2018Amministrazione comunale\u00a0\u00a0 accusata di continuare a \u201cpredicare bene ma razzolare male\u201d, lasciando senza risposte 18 \u00a0lavoratori\u00a0 in\u00a0 attesa di certezze.\"}]},{\"@type\":\"WebSite\",\"@id\":\"https:\\\/\\\/centrostudigiorgiolapirabelmontemezzagno.it\\\/#website\",\"url\":\"https:\\\/\\\/centrostudigiorgiolapirabelmontemezzagno.it\\\/\",\"name\":\"Centro Studi Giorgio La Pira\",\"description\":\"\",\"publisher\":{\"@id\":\"https:\\\/\\\/centrostudigiorgiolapirabelmontemezzagno.it\\\/#organization\"},\"alternateName\":\"Centro Studi Belmonte Mezzagno La Pira\",\"potentialAction\":[{\"@type\":\"SearchAction\",\"target\":{\"@type\":\"EntryPoint\",\"urlTemplate\":\"https:\\\/\\\/centrostudigiorgiolapirabelmontemezzagno.it\\\/?s={search_term_string}\"},\"query-input\":{\"@type\":\"PropertyValueSpecification\",\"valueRequired\":true,\"valueName\":\"search_term_string\"}}],\"inLanguage\":\"it-IT\"},{\"@type\":\"Organization\",\"@id\":\"https:\\\/\\\/centrostudigiorgiolapirabelmontemezzagno.it\\\/#organization\",\"name\":\"Centro Studi Giorgio La Pira\",\"url\":\"https:\\\/\\\/centrostudigiorgiolapirabelmontemezzagno.it\\\/\",\"logo\":{\"@type\":\"ImageObject\",\"inLanguage\":\"it-IT\",\"@id\":\"https:\\\/\\\/centrostudigiorgiolapirabelmontemezzagno.it\\\/#\\\/schema\\\/logo\\\/image\\\/\",\"url\":\"https:\\\/\\\/centrostudigiorgiolapirabelmontemezzagno.it\\\/wp-content\\\/uploads\\\/2025\\\/06\\\/LOGO-STUDIO-FINALE.png\",\"contentUrl\":\"https:\\\/\\\/centrostudigiorgiolapirabelmontemezzagno.it\\\/wp-content\\\/uploads\\\/2025\\\/06\\\/LOGO-STUDIO-FINALE.png\",\"width\":501,\"height\":498,\"caption\":\"Centro Studi Giorgio La Pira\"},\"image\":{\"@id\":\"https:\\\/\\\/centrostudigiorgiolapirabelmontemezzagno.it\\\/#\\\/schema\\\/logo\\\/image\\\/\"}}]}<\/script>\n<!-- \/ Yoast SEO plugin. -->","yoast_head_json":{"title":"Dopo il richiamo ad adempiere, arriva la diffida di due componenti del Consiglio comunale. Sotto accusa l \u2018Amministrazione comunale\u00a0\u00a0 accusata di continuare a \u201cpredicare bene ma razzolare male\u201d, lasciando senza risposte 18 \u00a0lavoratori\u00a0 in\u00a0 attesa di certezze. - Centro Studi Giorgio La Pira","robots":{"index":"index","follow":"follow","max-snippet":"max-snippet:-1","max-image-preview":"max-image-preview:large","max-video-preview":"max-video-preview:-1"},"canonical":"https:\/\/centrostudigiorgiolapirabelmontemezzagno.it\/index.php\/blog\/a-belmonte-la-stabilizzazione-degli-asu-resta-al-palo-due-consiglieri-diffidano-lamministrazione\/","og_locale":"it_IT","og_type":"article","og_title":"Dopo il richiamo ad adempiere, arriva la diffida di due componenti del Consiglio comunale. Sotto accusa l \u2018Amministrazione comunale\u00a0\u00a0 accusata di continuare a \u201cpredicare bene ma razzolare male\u201d, lasciando senza risposte 18 \u00a0lavoratori\u00a0 in\u00a0 attesa di certezze. - Centro Studi Giorgio La Pira","og_description":"Al Sig Sindaco Al Sig Assessore al Personale Comune di Belmonte Mezzagno AI Sig Dirigente Generale del Dipartimento delle Autonomie Locali. Assessorato Regionale Autonomie Locali dipartimento.autonomie.locali@certmail.regione.sicilia.it I sottoscritti Consiglieri del Gruppo consiliare di minoranza \u201cNoi con Belmonte\u201d che, unitariamente all\u2019intero gruppo, pi\u00f9 volte hanno presentato interrogazioni e note volte al completamento della stabilizzazione dei lavoratori [&hellip;]","og_url":"https:\/\/centrostudigiorgiolapirabelmontemezzagno.it\/index.php\/blog\/a-belmonte-la-stabilizzazione-degli-asu-resta-al-palo-due-consiglieri-diffidano-lamministrazione\/","og_site_name":"Centro Studi Giorgio La Pira","article_modified_time":"2025-09-28T13:12:29+00:00","twitter_card":"summary_large_image","twitter_misc":{"Tempo di lettura stimato":"4 minuti"},"schema":{"@context":"https:\/\/schema.org","@graph":[{"@type":"WebPage","@id":"https:\/\/centrostudigiorgiolapirabelmontemezzagno.it\/index.php\/blog\/a-belmonte-la-stabilizzazione-degli-asu-resta-al-palo-due-consiglieri-diffidano-lamministrazione\/","url":"https:\/\/centrostudigiorgiolapirabelmontemezzagno.it\/index.php\/blog\/a-belmonte-la-stabilizzazione-degli-asu-resta-al-palo-due-consiglieri-diffidano-lamministrazione\/","name":"Dopo il richiamo ad adempiere, arriva la diffida di due componenti del Consiglio comunale. Sotto accusa l \u2018Amministrazione comunale\u00a0\u00a0 accusata di continuare a \u201cpredicare bene ma razzolare male\u201d, lasciando senza risposte 18 \u00a0lavoratori\u00a0 in\u00a0 attesa di certezze. - Centro Studi Giorgio La Pira","isPartOf":{"@id":"https:\/\/centrostudigiorgiolapirabelmontemezzagno.it\/#website"},"datePublished":"2025-09-28T13:04:35+00:00","dateModified":"2025-09-28T13:12:29+00:00","breadcrumb":{"@id":"https:\/\/centrostudigiorgiolapirabelmontemezzagno.it\/index.php\/blog\/a-belmonte-la-stabilizzazione-degli-asu-resta-al-palo-due-consiglieri-diffidano-lamministrazione\/#breadcrumb"},"inLanguage":"it-IT","potentialAction":[{"@type":"ReadAction","target":["https:\/\/centrostudigiorgiolapirabelmontemezzagno.it\/index.php\/blog\/a-belmonte-la-stabilizzazione-degli-asu-resta-al-palo-due-consiglieri-diffidano-lamministrazione\/"]}]},{"@type":"BreadcrumbList","@id":"https:\/\/centrostudigiorgiolapirabelmontemezzagno.it\/index.php\/blog\/a-belmonte-la-stabilizzazione-degli-asu-resta-al-palo-due-consiglieri-diffidano-lamministrazione\/#breadcrumb","itemListElement":[{"@type":"ListItem","position":1,"name":"Home","item":"https:\/\/centrostudigiorgiolapirabelmontemezzagno.it\/"},{"@type":"ListItem","position":2,"name":"Dopo il richiamo ad adempiere, arriva la diffida di due componenti del Consiglio comunale. Sotto accusa l \u2018Amministrazione comunale\u00a0\u00a0 accusata di continuare a \u201cpredicare bene ma razzolare male\u201d, lasciando senza risposte 18 \u00a0lavoratori\u00a0 in\u00a0 attesa di certezze."}]},{"@type":"WebSite","@id":"https:\/\/centrostudigiorgiolapirabelmontemezzagno.it\/#website","url":"https:\/\/centrostudigiorgiolapirabelmontemezzagno.it\/","name":"Centro Studi Giorgio La Pira","description":"","publisher":{"@id":"https:\/\/centrostudigiorgiolapirabelmontemezzagno.it\/#organization"},"alternateName":"Centro Studi Belmonte Mezzagno La Pira","potentialAction":[{"@type":"SearchAction","target":{"@type":"EntryPoint","urlTemplate":"https:\/\/centrostudigiorgiolapirabelmontemezzagno.it\/?s={search_term_string}"},"query-input":{"@type":"PropertyValueSpecification","valueRequired":true,"valueName":"search_term_string"}}],"inLanguage":"it-IT"},{"@type":"Organization","@id":"https:\/\/centrostudigiorgiolapirabelmontemezzagno.it\/#organization","name":"Centro Studi Giorgio La Pira","url":"https:\/\/centrostudigiorgiolapirabelmontemezzagno.it\/","logo":{"@type":"ImageObject","inLanguage":"it-IT","@id":"https:\/\/centrostudigiorgiolapirabelmontemezzagno.it\/#\/schema\/logo\/image\/","url":"https:\/\/centrostudigiorgiolapirabelmontemezzagno.it\/wp-content\/uploads\/2025\/06\/LOGO-STUDIO-FINALE.png","contentUrl":"https:\/\/centrostudigiorgiolapirabelmontemezzagno.it\/wp-content\/uploads\/2025\/06\/LOGO-STUDIO-FINALE.png","width":501,"height":498,"caption":"Centro Studi Giorgio La Pira"},"image":{"@id":"https:\/\/centrostudigiorgiolapirabelmontemezzagno.it\/#\/schema\/logo\/image\/"}}]}},"_links":{"self":[{"href":"https:\/\/centrostudigiorgiolapirabelmontemezzagno.it\/index.php\/wp-json\/wp\/v2\/blog\/651","targetHints":{"allow":["GET"]}}],"collection":[{"href":"https:\/\/centrostudigiorgiolapirabelmontemezzagno.it\/index.php\/wp-json\/wp\/v2\/blog"}],"about":[{"href":"https:\/\/centrostudigiorgiolapirabelmontemezzagno.it\/index.php\/wp-json\/wp\/v2\/types\/blog"}],"wp:attachment":[{"href":"https:\/\/centrostudigiorgiolapirabelmontemezzagno.it\/index.php\/wp-json\/wp\/v2\/media?parent=651"}],"curies":[{"name":"wp","href":"https:\/\/api.w.org\/{rel}","templated":true}]}}