{"id":615,"date":"2025-06-25T19:28:03","date_gmt":"2025-06-25T19:28:03","guid":{"rendered":"https:\/\/centrostudigiorgiolapirabelmontemezzagno.it\/?post_type=news&#038;p=615"},"modified":"2025-06-25T19:34:38","modified_gmt":"2025-06-25T19:34:38","slug":"forestazione","status":"publish","type":"news","link":"https:\/\/centrostudigiorgiolapirabelmontemezzagno.it\/index.php\/news\/forestazione\/","title":{"rendered":"FORESTAZIONE"},"content":{"rendered":"\n<p>Al Sig. Sindaco del Comune di Belmonte Mezzagno\u00a0\u00a0\u00a0<\/p>\n\n\n\n<p>E, p. c.<\/p>\n\n\n\n<p>Al Presidente del Consiglio Comunale di Belmonte Mezzagno\u00a0<\/p>\n\n\n\n<p>Al Vice Presidente del Consiglio Comunale\u00a0<\/p>\n\n\n\n<p>Capogruppo consiliare di maggioranza\u00a0<\/p>\n\n\n\n<p>Al Capogruppo consiliare di minoranza\u00a0\u00a0\u00a0\u00a0\u00a0\u00a0\u00a0<\/p>\n\n\n\n<p><strong>Oggetto: &nbsp;&nbsp;Finanziamento di Euro <\/strong>6.419.374,04, proveniente dal Ministero dell\u2019Ambiente nell\u2019ambito del Piano Nazionale di Ripresa e Resilienza (P.N.R.R.), \u201c <em>misura 2 &#8211; componente 4&nbsp; Investimento 3.1 \u201cTutela e valorizzazione del verde urbano ed extraurbano\u201d.<\/em> <strong>Richiesta di assemblea pubblica sui progetti di forestazione in Contrada Bosco.<\/strong><\/p>\n\n\n\n<p>Il Centro Studi Giorgio La Pira di Belmonte Mezzagno, desidera portare alla Vostra attenzione l\u2019importanza di un confronto pubblico riguardante i progetti di forestazione previsti in Contrada Bosco.<\/p>\n\n\n\n<p>Con la presente, chiediamo alla S.V. e alle Autorit\u00e0 in indirizzo, ognuno per le proprie competenze, di convocare una pubblica assemblea al fine di illustrare i dettagli dei progetti, discutere le procedure di gara e i tempi di realizzazione, e ascoltare le eventuali osservazioni e proposte della comunit\u00e0.<\/p>\n\n\n\n<p>Com\u2019\u00e8 noto, questo finanziamento derivante dal PNRR, se ben utilizzato, apporter\u00e0 al nostro territorio, assieme alle ricadute occupazionali, la valorizzazione della naturalit\u00e0 diffusa, la biodiversit\u00e0 e la mitigazione del dissesto idrogeologico. Questa opportunit\u00e0 riguarda anche la futura sentieristica finalizzata alla valorizzazione delle Grotte Carsiche, un patrimonio naturale di straordinaria bellezza, certificato dal Dipartimento di Geologia dell\u2019Universit\u00e0 di Palermo, a seguito di una convenzione stipulata tra il Comune e l\u2019Universit\u00e0 nel 2005.<\/p>\n\n\n\n<p>Riteniamo che un momento di confronto aperto sia fondamentale per garantire trasparenza, partecipazione e il successo delle iniziative di forestazione, che rappresentano un\u2019opportunit\u00e0 importante per il nostro territorio e la nostra comunit\u00e0.<\/p>\n\n\n\n<p>Restiamo a disposizione per collaborare e contribuire alla buona riuscita di questa iniziativa, e confidiamo in un positivo riscontro alla presente richiesta.<\/p>\n\n\n\n<p>Cordiali saluti<\/p>\n\n\n\n<p>Belmonte li 24-06-2025<\/p>\n\n\n\n<p>Il Presidente <\/p>\n\n\n\n<p><strong>Giovanni Salerno<\/strong><\/p>\n","protected":false},"featured_media":0,"parent":0,"template":"","meta":{"_acf_changed":true},"class_list":["post-615","news","type-news","status-publish","hentry"],"acf":[],"yoast_head":"<!-- This site is optimized with the Yoast SEO plugin v27.4 - https:\/\/yoast.com\/product\/yoast-seo-wordpress\/ -->\n<title>FORESTAZIONE - Centro Studi Giorgio La Pira<\/title>\n<meta name=\"robots\" content=\"index, follow, max-snippet:-1, max-image-preview:large, max-video-preview:-1\" \/>\n<link rel=\"canonical\" href=\"https:\/\/centrostudigiorgiolapirabelmontemezzagno.it\/index.php\/news\/forestazione\/\" \/>\n<meta property=\"og:locale\" content=\"it_IT\" \/>\n<meta property=\"og:type\" content=\"article\" \/>\n<meta property=\"og:title\" content=\"FORESTAZIONE - Centro Studi Giorgio La Pira\" \/>\n<meta property=\"og:description\" content=\"Al Sig. Sindaco del Comune di Belmonte Mezzagno\u00a0\u00a0\u00a0 E, p. c. Al Presidente del Consiglio Comunale di Belmonte Mezzagno\u00a0 Al Vice Presidente del Consiglio Comunale\u00a0 Capogruppo consiliare di maggioranza\u00a0 Al Capogruppo consiliare di minoranza\u00a0\u00a0\u00a0\u00a0\u00a0\u00a0\u00a0 Oggetto: &nbsp;&nbsp;Finanziamento di Euro 6.419.374,04, proveniente dal Ministero dell\u2019Ambiente nell\u2019ambito del Piano Nazionale di Ripresa e Resilienza (P.N.R.R.), \u201c misura 2 [&hellip;]\" \/>\n<meta property=\"og:url\" content=\"https:\/\/centrostudigiorgiolapirabelmontemezzagno.it\/index.php\/news\/forestazione\/\" \/>\n<meta property=\"og:site_name\" content=\"Centro Studi Giorgio La Pira\" \/>\n<meta property=\"article:modified_time\" content=\"2025-06-25T19:34:38+00:00\" \/>\n<meta name=\"twitter:card\" content=\"summary_large_image\" \/>\n<meta name=\"twitter:label1\" content=\"Tempo di lettura stimato\" \/>\n\t<meta name=\"twitter:data1\" content=\"2 minuti\" \/>\n<script type=\"application\/ld+json\" class=\"yoast-schema-graph\">{\"@context\":\"https:\\\/\\\/schema.org\",\"@graph\":[{\"@type\":\"WebPage\",\"@id\":\"https:\\\/\\\/centrostudigiorgiolapirabelmontemezzagno.it\\\/index.php\\\/news\\\/forestazione\\\/\",\"url\":\"https:\\\/\\\/centrostudigiorgiolapirabelmontemezzagno.it\\\/index.php\\\/news\\\/forestazione\\\/\",\"name\":\"FORESTAZIONE - Centro Studi Giorgio La Pira\",\"isPartOf\":{\"@id\":\"https:\\\/\\\/centrostudigiorgiolapirabelmontemezzagno.it\\\/#website\"},\"datePublished\":\"2025-06-25T19:28:03+00:00\",\"dateModified\":\"2025-06-25T19:34:38+00:00\",\"breadcrumb\":{\"@id\":\"https:\\\/\\\/centrostudigiorgiolapirabelmontemezzagno.it\\\/index.php\\\/news\\\/forestazione\\\/#breadcrumb\"},\"inLanguage\":\"it-IT\",\"potentialAction\":[{\"@type\":\"ReadAction\",\"target\":[\"https:\\\/\\\/centrostudigiorgiolapirabelmontemezzagno.it\\\/index.php\\\/news\\\/forestazione\\\/\"]}]},{\"@type\":\"BreadcrumbList\",\"@id\":\"https:\\\/\\\/centrostudigiorgiolapirabelmontemezzagno.it\\\/index.php\\\/news\\\/forestazione\\\/#breadcrumb\",\"itemListElement\":[{\"@type\":\"ListItem\",\"position\":1,\"name\":\"Home\",\"item\":\"https:\\\/\\\/centrostudigiorgiolapirabelmontemezzagno.it\\\/\"},{\"@type\":\"ListItem\",\"position\":2,\"name\":\"FORESTAZIONE\"}]},{\"@type\":\"WebSite\",\"@id\":\"https:\\\/\\\/centrostudigiorgiolapirabelmontemezzagno.it\\\/#website\",\"url\":\"https:\\\/\\\/centrostudigiorgiolapirabelmontemezzagno.it\\\/\",\"name\":\"Centro Studi Giorgio La Pira\",\"description\":\"\",\"publisher\":{\"@id\":\"https:\\\/\\\/centrostudigiorgiolapirabelmontemezzagno.it\\\/#organization\"},\"alternateName\":\"Centro Studi Belmonte Mezzagno La Pira\",\"potentialAction\":[{\"@type\":\"SearchAction\",\"target\":{\"@type\":\"EntryPoint\",\"urlTemplate\":\"https:\\\/\\\/centrostudigiorgiolapirabelmontemezzagno.it\\\/?s={search_term_string}\"},\"query-input\":{\"@type\":\"PropertyValueSpecification\",\"valueRequired\":true,\"valueName\":\"search_term_string\"}}],\"inLanguage\":\"it-IT\"},{\"@type\":\"Organization\",\"@id\":\"https:\\\/\\\/centrostudigiorgiolapirabelmontemezzagno.it\\\/#organization\",\"name\":\"Centro Studi Giorgio La Pira\",\"url\":\"https:\\\/\\\/centrostudigiorgiolapirabelmontemezzagno.it\\\/\",\"logo\":{\"@type\":\"ImageObject\",\"inLanguage\":\"it-IT\",\"@id\":\"https:\\\/\\\/centrostudigiorgiolapirabelmontemezzagno.it\\\/#\\\/schema\\\/logo\\\/image\\\/\",\"url\":\"https:\\\/\\\/centrostudigiorgiolapirabelmontemezzagno.it\\\/wp-content\\\/uploads\\\/2025\\\/06\\\/LOGO-STUDIO-FINALE.png\",\"contentUrl\":\"https:\\\/\\\/centrostudigiorgiolapirabelmontemezzagno.it\\\/wp-content\\\/uploads\\\/2025\\\/06\\\/LOGO-STUDIO-FINALE.png\",\"width\":501,\"height\":498,\"caption\":\"Centro Studi Giorgio La Pira\"},\"image\":{\"@id\":\"https:\\\/\\\/centrostudigiorgiolapirabelmontemezzagno.it\\\/#\\\/schema\\\/logo\\\/image\\\/\"}}]}<\/script>\n<!-- \/ Yoast SEO plugin. -->","yoast_head_json":{"title":"FORESTAZIONE - Centro Studi Giorgio La Pira","robots":{"index":"index","follow":"follow","max-snippet":"max-snippet:-1","max-image-preview":"max-image-preview:large","max-video-preview":"max-video-preview:-1"},"canonical":"https:\/\/centrostudigiorgiolapirabelmontemezzagno.it\/index.php\/news\/forestazione\/","og_locale":"it_IT","og_type":"article","og_title":"FORESTAZIONE - Centro Studi Giorgio La Pira","og_description":"Al Sig. Sindaco del Comune di Belmonte Mezzagno\u00a0\u00a0\u00a0 E, p. c. Al Presidente del Consiglio Comunale di Belmonte Mezzagno\u00a0 Al Vice Presidente del Consiglio Comunale\u00a0 Capogruppo consiliare di maggioranza\u00a0 Al Capogruppo consiliare di minoranza\u00a0\u00a0\u00a0\u00a0\u00a0\u00a0\u00a0 Oggetto: &nbsp;&nbsp;Finanziamento di Euro 6.419.374,04, proveniente dal Ministero dell\u2019Ambiente nell\u2019ambito del Piano Nazionale di Ripresa e Resilienza (P.N.R.R.), \u201c misura 2 [&hellip;]","og_url":"https:\/\/centrostudigiorgiolapirabelmontemezzagno.it\/index.php\/news\/forestazione\/","og_site_name":"Centro Studi Giorgio La Pira","article_modified_time":"2025-06-25T19:34:38+00:00","twitter_card":"summary_large_image","twitter_misc":{"Tempo di lettura stimato":"2 minuti"},"schema":{"@context":"https:\/\/schema.org","@graph":[{"@type":"WebPage","@id":"https:\/\/centrostudigiorgiolapirabelmontemezzagno.it\/index.php\/news\/forestazione\/","url":"https:\/\/centrostudigiorgiolapirabelmontemezzagno.it\/index.php\/news\/forestazione\/","name":"FORESTAZIONE - Centro Studi Giorgio La Pira","isPartOf":{"@id":"https:\/\/centrostudigiorgiolapirabelmontemezzagno.it\/#website"},"datePublished":"2025-06-25T19:28:03+00:00","dateModified":"2025-06-25T19:34:38+00:00","breadcrumb":{"@id":"https:\/\/centrostudigiorgiolapirabelmontemezzagno.it\/index.php\/news\/forestazione\/#breadcrumb"},"inLanguage":"it-IT","potentialAction":[{"@type":"ReadAction","target":["https:\/\/centrostudigiorgiolapirabelmontemezzagno.it\/index.php\/news\/forestazione\/"]}]},{"@type":"BreadcrumbList","@id":"https:\/\/centrostudigiorgiolapirabelmontemezzagno.it\/index.php\/news\/forestazione\/#breadcrumb","itemListElement":[{"@type":"ListItem","position":1,"name":"Home","item":"https:\/\/centrostudigiorgiolapirabelmontemezzagno.it\/"},{"@type":"ListItem","position":2,"name":"FORESTAZIONE"}]},{"@type":"WebSite","@id":"https:\/\/centrostudigiorgiolapirabelmontemezzagno.it\/#website","url":"https:\/\/centrostudigiorgiolapirabelmontemezzagno.it\/","name":"Centro Studi Giorgio La Pira","description":"","publisher":{"@id":"https:\/\/centrostudigiorgiolapirabelmontemezzagno.it\/#organization"},"alternateName":"Centro Studi Belmonte Mezzagno La Pira","potentialAction":[{"@type":"SearchAction","target":{"@type":"EntryPoint","urlTemplate":"https:\/\/centrostudigiorgiolapirabelmontemezzagno.it\/?s={search_term_string}"},"query-input":{"@type":"PropertyValueSpecification","valueRequired":true,"valueName":"search_term_string"}}],"inLanguage":"it-IT"},{"@type":"Organization","@id":"https:\/\/centrostudigiorgiolapirabelmontemezzagno.it\/#organization","name":"Centro Studi Giorgio La Pira","url":"https:\/\/centrostudigiorgiolapirabelmontemezzagno.it\/","logo":{"@type":"ImageObject","inLanguage":"it-IT","@id":"https:\/\/centrostudigiorgiolapirabelmontemezzagno.it\/#\/schema\/logo\/image\/","url":"https:\/\/centrostudigiorgiolapirabelmontemezzagno.it\/wp-content\/uploads\/2025\/06\/LOGO-STUDIO-FINALE.png","contentUrl":"https:\/\/centrostudigiorgiolapirabelmontemezzagno.it\/wp-content\/uploads\/2025\/06\/LOGO-STUDIO-FINALE.png","width":501,"height":498,"caption":"Centro Studi Giorgio La Pira"},"image":{"@id":"https:\/\/centrostudigiorgiolapirabelmontemezzagno.it\/#\/schema\/logo\/image\/"}}]}},"_links":{"self":[{"href":"https:\/\/centrostudigiorgiolapirabelmontemezzagno.it\/index.php\/wp-json\/wp\/v2\/news\/615","targetHints":{"allow":["GET"]}}],"collection":[{"href":"https:\/\/centrostudigiorgiolapirabelmontemezzagno.it\/index.php\/wp-json\/wp\/v2\/news"}],"about":[{"href":"https:\/\/centrostudigiorgiolapirabelmontemezzagno.it\/index.php\/wp-json\/wp\/v2\/types\/news"}],"wp:attachment":[{"href":"https:\/\/centrostudigiorgiolapirabelmontemezzagno.it\/index.php\/wp-json\/wp\/v2\/media?parent=615"}],"curies":[{"name":"wp","href":"https:\/\/api.w.org\/{rel}","templated":true}]}}