{"id":630,"date":"2025-07-15T18:05:37","date_gmt":"2025-07-15T18:05:37","guid":{"rendered":"https:\/\/centrostudigiorgiolapirabelmontemezzagno.it\/?post_type=news&#038;p=630"},"modified":"2025-07-15T18:05:39","modified_gmt":"2025-07-15T18:05:39","slug":"incentivi-per-autoimpiego-e-lavoro-autonomo","status":"publish","type":"news","link":"https:\/\/centrostudigiorgiolapirabelmontemezzagno.it\/index.php\/news\/incentivi-per-autoimpiego-e-lavoro-autonomo\/","title":{"rendered":"Incentivi per autoimpiego e lavoro autonomo."},"content":{"rendered":"\n<h3 class=\"wp-block-heading\">Autoimpiego: firmato il decreto da 800 milioni per start-up e lavoro autonomo<\/h3>\n\n\n\n<p>&nbsp;PARTONO GLI INCENTIVI PER L\u2019AUTOIMPIEGO<\/p>\n\n\n\n<p><em>&nbsp;<\/em><strong><em>800 milioni per sostenere disoccupati, Neet e disabili.<\/em><\/strong><\/p>\n\n\n\n<p>Il Ministro del Lavoro e delle Politiche Sociali Marina Calderone, di concerto con il Ministro per gli Affari Europei, il PNRR e le Politiche di Coesione Tommaso Foti e il Ministro dell\u2019Economia e delle Finanze Giancarlo Giorgetti, ha firmato il&nbsp;<strong>decreto<\/strong>&nbsp;che d\u00e0 attuazione agli&nbsp;<a href=\"https:\/\/www.pmi.it\/card\/incentivi-assunzioni-e-avvio-attivita-guida\"><strong>incentivi per autoimpiego<\/strong><\/a>, lavoro autonomo e professionale previsti dagli articoli 17 e 19 del&nbsp;<a href=\"https:\/\/www.pmi.it\/economia\/lavoro\/441508\/decreto-coesione-i-nuovi-incentivi.html\"><strong>Decreto Coesione<\/strong><\/a>&nbsp;(DL 60\/2024, convertito con modificazioni dalla Legge 95\/2024).<\/p>\n\n\n\n<ol class=\"wp-block-list\">\n<li><a href=\"https:\/\/www.pmi.it\/economia\/finanziamenti\/474253\/incentivi-per-autoimpiego-e-lavoro-autonomo-firmato-il-decreto-attuativo.html?utm_source=newsletter&amp;utm_medium=email&amp;utm_campaign=Newsletter:%20PMI.it&amp;utm_content=incentivi-per-autoimpiego-e-lavoro-autonomo-firmato-il-decreto-attuativo&amp;utm_expid=544528c613013c1d901a87c67b788317fc7d730d18495d34217f39837dec2701#incentivi-per-il-lavoro-autonomo-e-l-autoimpiego\"><strong>Incentivi per il lavoro autonomo e l\u2019autoimpiego<\/strong><\/a><\/li>\n<\/ol>\n\n\n\n<p>La misura mira a promuovere l\u2019inclusione lavorativa dei&nbsp;<strong>giovani<\/strong>, in particolare dei&nbsp;<strong><em>Neet<\/em><\/strong>, e incentivare il<strong>&nbsp;lavoro autonomo e professionale<\/strong>.<\/p>\n\n\n\n<p>Il decreto promuove&nbsp;<strong>l&#8217;inclusione attiva e l&#8217;inserimento al lavoro<\/strong>, mediante specifiche azioni a sostegno dell&#8217;avvio di iniziative di lavoro autonomo, imprenditoriali e libero-professionali dei giovani under 35, in possesso di almeno uno dei seguenti requisiti: essere in una condizione di marginalit\u00e0, di vulnerabilit\u00e0 sociale o di discriminazione; essere inoccupati, inattivi o disoccupati; essere disoccupati destinatari delle misure del programma Gol (Garanzia di occupabilit\u00e0 dei lavoratori)<\/p>\n\n\n\n<p>&nbsp;Le&nbsp;<strong>iniziative economiche devono essere finalizzate<\/strong>&nbsp;all&#8217;avvio delle seguenti attivit\u00e0: di lavoro autonomo mediante apertura di partita Iva; di impresa individuale regolarmente iscritta al Registro delle imprese; di impresa in forma societaria, regolarmente iscritta al Registro delle imprese, nelle seguenti forme giuridiche: societ\u00e0 in nome collettivo; societ\u00e0 in accomandita semplice; societ\u00e0 a responsabilit\u00e0 limitata; societ\u00e0 cooperativa; libero-professionali anche nella forma di societ\u00e0 tra professionisti. Sono previsti, inoltre, finanziamenti per servizi di formazione e accompagnamento alla progettazione preliminare, tutoraggio per l&#8217;incremento delle competenze per la realizzazione delle iniziative finanziate<\/p>\n\n\n\n<ul class=\"wp-block-list\">\n<li><a href=\"https:\/\/www.pmi.it\/economia\/finanziamenti\/474253\/incentivi-per-autoimpiego-e-lavoro-autonomo-firmato-il-decreto-attuativo.html?utm_source=newsletter&amp;utm_medium=email&amp;utm_campaign=Newsletter:%20PMI.it&amp;utm_content=incentivi-per-autoimpiego-e-lavoro-autonomo-firmato-il-decreto-attuativo&amp;utm_expid=544528c613013c1d901a87c67b788317fc7d730d18495d34217f39837dec2701#le-risorse-e-gli-obiettivi-del-programma\"><strong>Le risorse e gli obiettivi del programma<\/strong><\/a><\/li>\n<\/ul>\n\n\n\n<p>Si prevede che il fondo finanzi<strong>&nbsp;tutto il processo<\/strong>, dalla formazione alla consulenza, accompagnando l\u2019avvio di nuove attivit\u00e0 imprenditoriali, aiutando i giovani a costruire percorsi di autonomia e crescita personale.<\/p>\n\n\n\n<p>Nello specifico, il&nbsp;<strong>programma<\/strong>, finanziato con un totale di&nbsp;<strong>800 milioni<\/strong>&nbsp;di euro, prevede che 700 milioni provengano dal Fondo Sociale Europeo Plus e 100 milioni da risorse del PNRR, nell\u2019ambito del programma GOL (<em>Garanzia <\/em><strong><u><\/u><\/strong><\/p>\n\n\n\n<ul class=\"wp-block-list\">\n<li><a href=\"https:\/\/www.pmi.it\/economia\/finanziamenti\/474253\/incentivi-per-autoimpiego-e-lavoro-autonomo-firmato-il-decreto-attuativo.html?utm_source=newsletter&amp;utm_medium=email&amp;utm_campaign=Newsletter:%20PMI.it&amp;utm_content=incentivi-per-autoimpiego-e-lavoro-autonomo-firmato-il-decreto-attuativo&amp;utm_expid=544528c613013c1d901a87c67b788317fc7d730d18495d34217f39837dec2701#formazione-accompagnamento-e-microcredito\"><strong>Formazione, accompagnamento e microcredito<\/strong><\/a><\/li>\n<\/ul>\n\n\n\n<p>Il programma prevede anche il coinvolgimento dell\u2019<strong>Ente Nazionale per il Microcredito<\/strong>, che avr\u00e0 il compito di accompagnare concretamente i giovani durante il processo di&nbsp;<strong>avviamento delle nuove attivit\u00e0<\/strong>&nbsp;autonome, imprenditoriali e professionali.<\/p>\n\n\n\n<p>Saranno offerti&nbsp;<strong>percorsi formativi e di tutoraggio<\/strong>&nbsp;per supportare i giovani nell\u2019ideazione e nella realizzazione delle proprie iniziative, mettendo a disposizione competenze e risorse economiche per favorire l\u2019ingresso nel mondo del lavoro.<\/p>\n","protected":false},"featured_media":0,"parent":0,"template":"","meta":{"_acf_changed":true},"class_list":["post-630","news","type-news","status-publish","hentry"],"acf":[],"yoast_head":"<!-- This site is optimized with the Yoast SEO plugin v27.4 - https:\/\/yoast.com\/product\/yoast-seo-wordpress\/ -->\n<title>Incentivi per autoimpiego e lavoro autonomo. - Centro Studi Giorgio La Pira<\/title>\n<meta name=\"robots\" content=\"index, follow, max-snippet:-1, max-image-preview:large, max-video-preview:-1\" \/>\n<link rel=\"canonical\" href=\"https:\/\/centrostudigiorgiolapirabelmontemezzagno.it\/index.php\/news\/incentivi-per-autoimpiego-e-lavoro-autonomo\/\" \/>\n<meta property=\"og:locale\" content=\"it_IT\" \/>\n<meta property=\"og:type\" content=\"article\" \/>\n<meta property=\"og:title\" content=\"Incentivi per autoimpiego e lavoro autonomo. - Centro Studi Giorgio La Pira\" \/>\n<meta property=\"og:description\" content=\"Autoimpiego: firmato il decreto da 800 milioni per start-up e lavoro autonomo &nbsp;PARTONO GLI INCENTIVI PER L\u2019AUTOIMPIEGO &nbsp;800 milioni per sostenere disoccupati, Neet e disabili. Il Ministro del Lavoro e delle Politiche Sociali Marina Calderone, di concerto con il Ministro per gli Affari Europei, il PNRR e le Politiche di Coesione Tommaso Foti e il [&hellip;]\" \/>\n<meta property=\"og:url\" content=\"https:\/\/centrostudigiorgiolapirabelmontemezzagno.it\/index.php\/news\/incentivi-per-autoimpiego-e-lavoro-autonomo\/\" \/>\n<meta property=\"og:site_name\" content=\"Centro Studi Giorgio La Pira\" \/>\n<meta property=\"article:modified_time\" content=\"2025-07-15T18:05:39+00:00\" \/>\n<meta name=\"twitter:card\" content=\"summary_large_image\" \/>\n<meta name=\"twitter:label1\" content=\"Tempo di lettura stimato\" \/>\n\t<meta name=\"twitter:data1\" content=\"3 minuti\" \/>\n<script type=\"application\/ld+json\" class=\"yoast-schema-graph\">{\"@context\":\"https:\\\/\\\/schema.org\",\"@graph\":[{\"@type\":\"WebPage\",\"@id\":\"https:\\\/\\\/centrostudigiorgiolapirabelmontemezzagno.it\\\/index.php\\\/news\\\/incentivi-per-autoimpiego-e-lavoro-autonomo\\\/\",\"url\":\"https:\\\/\\\/centrostudigiorgiolapirabelmontemezzagno.it\\\/index.php\\\/news\\\/incentivi-per-autoimpiego-e-lavoro-autonomo\\\/\",\"name\":\"Incentivi per autoimpiego e lavoro autonomo. - Centro Studi Giorgio La Pira\",\"isPartOf\":{\"@id\":\"https:\\\/\\\/centrostudigiorgiolapirabelmontemezzagno.it\\\/#website\"},\"datePublished\":\"2025-07-15T18:05:37+00:00\",\"dateModified\":\"2025-07-15T18:05:39+00:00\",\"breadcrumb\":{\"@id\":\"https:\\\/\\\/centrostudigiorgiolapirabelmontemezzagno.it\\\/index.php\\\/news\\\/incentivi-per-autoimpiego-e-lavoro-autonomo\\\/#breadcrumb\"},\"inLanguage\":\"it-IT\",\"potentialAction\":[{\"@type\":\"ReadAction\",\"target\":[\"https:\\\/\\\/centrostudigiorgiolapirabelmontemezzagno.it\\\/index.php\\\/news\\\/incentivi-per-autoimpiego-e-lavoro-autonomo\\\/\"]}]},{\"@type\":\"BreadcrumbList\",\"@id\":\"https:\\\/\\\/centrostudigiorgiolapirabelmontemezzagno.it\\\/index.php\\\/news\\\/incentivi-per-autoimpiego-e-lavoro-autonomo\\\/#breadcrumb\",\"itemListElement\":[{\"@type\":\"ListItem\",\"position\":1,\"name\":\"Home\",\"item\":\"https:\\\/\\\/centrostudigiorgiolapirabelmontemezzagno.it\\\/\"},{\"@type\":\"ListItem\",\"position\":2,\"name\":\"Incentivi per autoimpiego e lavoro autonomo.\"}]},{\"@type\":\"WebSite\",\"@id\":\"https:\\\/\\\/centrostudigiorgiolapirabelmontemezzagno.it\\\/#website\",\"url\":\"https:\\\/\\\/centrostudigiorgiolapirabelmontemezzagno.it\\\/\",\"name\":\"Centro Studi Giorgio La Pira\",\"description\":\"\",\"publisher\":{\"@id\":\"https:\\\/\\\/centrostudigiorgiolapirabelmontemezzagno.it\\\/#organization\"},\"alternateName\":\"Centro Studi Belmonte Mezzagno La Pira\",\"potentialAction\":[{\"@type\":\"SearchAction\",\"target\":{\"@type\":\"EntryPoint\",\"urlTemplate\":\"https:\\\/\\\/centrostudigiorgiolapirabelmontemezzagno.it\\\/?s={search_term_string}\"},\"query-input\":{\"@type\":\"PropertyValueSpecification\",\"valueRequired\":true,\"valueName\":\"search_term_string\"}}],\"inLanguage\":\"it-IT\"},{\"@type\":\"Organization\",\"@id\":\"https:\\\/\\\/centrostudigiorgiolapirabelmontemezzagno.it\\\/#organization\",\"name\":\"Centro Studi Giorgio La Pira\",\"url\":\"https:\\\/\\\/centrostudigiorgiolapirabelmontemezzagno.it\\\/\",\"logo\":{\"@type\":\"ImageObject\",\"inLanguage\":\"it-IT\",\"@id\":\"https:\\\/\\\/centrostudigiorgiolapirabelmontemezzagno.it\\\/#\\\/schema\\\/logo\\\/image\\\/\",\"url\":\"https:\\\/\\\/centrostudigiorgiolapirabelmontemezzagno.it\\\/wp-content\\\/uploads\\\/2025\\\/06\\\/LOGO-STUDIO-FINALE.png\",\"contentUrl\":\"https:\\\/\\\/centrostudigiorgiolapirabelmontemezzagno.it\\\/wp-content\\\/uploads\\\/2025\\\/06\\\/LOGO-STUDIO-FINALE.png\",\"width\":501,\"height\":498,\"caption\":\"Centro Studi Giorgio La Pira\"},\"image\":{\"@id\":\"https:\\\/\\\/centrostudigiorgiolapirabelmontemezzagno.it\\\/#\\\/schema\\\/logo\\\/image\\\/\"}}]}<\/script>\n<!-- \/ Yoast SEO plugin. -->","yoast_head_json":{"title":"Incentivi per autoimpiego e lavoro autonomo. - Centro Studi Giorgio La Pira","robots":{"index":"index","follow":"follow","max-snippet":"max-snippet:-1","max-image-preview":"max-image-preview:large","max-video-preview":"max-video-preview:-1"},"canonical":"https:\/\/centrostudigiorgiolapirabelmontemezzagno.it\/index.php\/news\/incentivi-per-autoimpiego-e-lavoro-autonomo\/","og_locale":"it_IT","og_type":"article","og_title":"Incentivi per autoimpiego e lavoro autonomo. - Centro Studi Giorgio La Pira","og_description":"Autoimpiego: firmato il decreto da 800 milioni per start-up e lavoro autonomo &nbsp;PARTONO GLI INCENTIVI PER L\u2019AUTOIMPIEGO &nbsp;800 milioni per sostenere disoccupati, Neet e disabili. Il Ministro del Lavoro e delle Politiche Sociali Marina Calderone, di concerto con il Ministro per gli Affari Europei, il PNRR e le Politiche di Coesione Tommaso Foti e il [&hellip;]","og_url":"https:\/\/centrostudigiorgiolapirabelmontemezzagno.it\/index.php\/news\/incentivi-per-autoimpiego-e-lavoro-autonomo\/","og_site_name":"Centro Studi Giorgio La Pira","article_modified_time":"2025-07-15T18:05:39+00:00","twitter_card":"summary_large_image","twitter_misc":{"Tempo di lettura stimato":"3 minuti"},"schema":{"@context":"https:\/\/schema.org","@graph":[{"@type":"WebPage","@id":"https:\/\/centrostudigiorgiolapirabelmontemezzagno.it\/index.php\/news\/incentivi-per-autoimpiego-e-lavoro-autonomo\/","url":"https:\/\/centrostudigiorgiolapirabelmontemezzagno.it\/index.php\/news\/incentivi-per-autoimpiego-e-lavoro-autonomo\/","name":"Incentivi per autoimpiego e lavoro autonomo. - Centro Studi Giorgio La Pira","isPartOf":{"@id":"https:\/\/centrostudigiorgiolapirabelmontemezzagno.it\/#website"},"datePublished":"2025-07-15T18:05:37+00:00","dateModified":"2025-07-15T18:05:39+00:00","breadcrumb":{"@id":"https:\/\/centrostudigiorgiolapirabelmontemezzagno.it\/index.php\/news\/incentivi-per-autoimpiego-e-lavoro-autonomo\/#breadcrumb"},"inLanguage":"it-IT","potentialAction":[{"@type":"ReadAction","target":["https:\/\/centrostudigiorgiolapirabelmontemezzagno.it\/index.php\/news\/incentivi-per-autoimpiego-e-lavoro-autonomo\/"]}]},{"@type":"BreadcrumbList","@id":"https:\/\/centrostudigiorgiolapirabelmontemezzagno.it\/index.php\/news\/incentivi-per-autoimpiego-e-lavoro-autonomo\/#breadcrumb","itemListElement":[{"@type":"ListItem","position":1,"name":"Home","item":"https:\/\/centrostudigiorgiolapirabelmontemezzagno.it\/"},{"@type":"ListItem","position":2,"name":"Incentivi per autoimpiego e lavoro autonomo."}]},{"@type":"WebSite","@id":"https:\/\/centrostudigiorgiolapirabelmontemezzagno.it\/#website","url":"https:\/\/centrostudigiorgiolapirabelmontemezzagno.it\/","name":"Centro Studi Giorgio La Pira","description":"","publisher":{"@id":"https:\/\/centrostudigiorgiolapirabelmontemezzagno.it\/#organization"},"alternateName":"Centro Studi Belmonte Mezzagno La Pira","potentialAction":[{"@type":"SearchAction","target":{"@type":"EntryPoint","urlTemplate":"https:\/\/centrostudigiorgiolapirabelmontemezzagno.it\/?s={search_term_string}"},"query-input":{"@type":"PropertyValueSpecification","valueRequired":true,"valueName":"search_term_string"}}],"inLanguage":"it-IT"},{"@type":"Organization","@id":"https:\/\/centrostudigiorgiolapirabelmontemezzagno.it\/#organization","name":"Centro Studi Giorgio La Pira","url":"https:\/\/centrostudigiorgiolapirabelmontemezzagno.it\/","logo":{"@type":"ImageObject","inLanguage":"it-IT","@id":"https:\/\/centrostudigiorgiolapirabelmontemezzagno.it\/#\/schema\/logo\/image\/","url":"https:\/\/centrostudigiorgiolapirabelmontemezzagno.it\/wp-content\/uploads\/2025\/06\/LOGO-STUDIO-FINALE.png","contentUrl":"https:\/\/centrostudigiorgiolapirabelmontemezzagno.it\/wp-content\/uploads\/2025\/06\/LOGO-STUDIO-FINALE.png","width":501,"height":498,"caption":"Centro Studi Giorgio La Pira"},"image":{"@id":"https:\/\/centrostudigiorgiolapirabelmontemezzagno.it\/#\/schema\/logo\/image\/"}}]}},"_links":{"self":[{"href":"https:\/\/centrostudigiorgiolapirabelmontemezzagno.it\/index.php\/wp-json\/wp\/v2\/news\/630","targetHints":{"allow":["GET"]}}],"collection":[{"href":"https:\/\/centrostudigiorgiolapirabelmontemezzagno.it\/index.php\/wp-json\/wp\/v2\/news"}],"about":[{"href":"https:\/\/centrostudigiorgiolapirabelmontemezzagno.it\/index.php\/wp-json\/wp\/v2\/types\/news"}],"wp:attachment":[{"href":"https:\/\/centrostudigiorgiolapirabelmontemezzagno.it\/index.php\/wp-json\/wp\/v2\/media?parent=630"}],"curies":[{"name":"wp","href":"https:\/\/api.w.org\/{rel}","templated":true}]}}